{"id":60787,"date":"2023-10-09T16:33:11","date_gmt":"2023-10-09T21:33:11","guid":{"rendered":"http:\/\/www.zonaroja.com.mx\/?p=60787"},"modified":"2023-10-09T16:33:12","modified_gmt":"2023-10-09T21:33:12","slug":"identifica-la-fiscalia-de-oaxaca-a-12-de-las-16-victimas-de-accidente-carretero","status":"publish","type":"post","link":"https:\/\/zonaroja.com.mx\/?p=60787","title":{"rendered":"Identifica la Fiscal\u00eda de Oaxaca a 12 de las 16 v\u00edctimas de accidente carretero"},"content":{"rendered":"\n<p>Redacci\u00f3n\/Zona Roja. <\/p>\n\n\n\n<p>Oaxaca de Ju\u00e1rez, Oax., a 9 de octubre de 2023.-&nbsp;La Fiscal\u00eda General del Estado de Oaxaca (FGEO) ha logrado establecer la identidad de 12 de las 16 v\u00edctimas, todas ellas personas migrantes fallecidas en el sitio de un accidente vial ocurrido en el kil\u00f3metro 88+50 de la supercarretera Oaxaca-Cuacnopalan, en hechos ocurridos el pasado 6 de octubre de 2023.<\/p>\n\n\n\n<p>Desde que la FGEO tuvo conocimiento del percance carretero, intervino desplegando un equipo multidisciplinario que realiz\u00f3 las labores periciales pertinentes en el sitio en que ocurri\u00f3 el incidente.<\/p>\n\n\n\n<p>De acuerdo con los testimonios, las v\u00edctimas viajaban en un autob\u00fas de pasajeros con placas de circulaci\u00f3n 938-RP-5.<\/p>\n\n\n\n<p>Derivado de ello, cumpliendo con los protocolos que marca la ley, se trasladaron los cuerpos de las 16 v\u00edctimas a las instalaciones del Instituto de Servicios Periciales de la Fiscal\u00eda para realizar los estudios cient\u00edficos para fortalecer las investigaciones en torno a este caso.<\/p>\n\n\n\n<p>Como parte de ese proceso, se logr\u00f3 establecer la identidad y nacionalidad de 12 de las v\u00edctimas, todas ellas personas migrantes, aunque los cuerpos permanecen bajo resguardo de la FGEO, en tanto se efect\u00faan los tr\u00e1mites migratorios que se requieren, para los cuales es necesario el trabajo interinstitucional y consular.<\/p>\n\n\n\n<p>Las v\u00edctimas identificadas hasta el momento, son: Milker Eduardo P. Q, 25 a\u00f1os; Cristian Eduardo M. C., 39 a\u00f1os; Yonathan Jos\u00e9 Q. G, 22 a\u00f1os; Darling Astrid L. H., 27 a\u00f1os; Nathaly del Carmen L. M., 37 a\u00f1os; Lucas de Jes\u00fas S. G., 52 a\u00f1os; Luis de Jes\u00fas O. G., 28 a\u00f1os; Yoswil Jos\u00e9 G. S., 32 a\u00f1os; Franyer Nailver R. L., 20 a\u00f1os; Edwin Rafael S. M., 31 a\u00f1os; todos ellos originarios de Venezuela.<\/p>\n\n\n\n<p>Mientras que Levi Mateo Q.L., de 1 a\u00f1o 1 mes de edad, tiene nacionalidad colombiana pero es de padres venezolanos; en tanto que, Alahia Isabella A. G., de 2 a\u00f1os de edad, es de nacionalidad peruana con padres venezolanos.&nbsp;<\/p>\n\n\n\n<p>La Fiscal\u00eda de Oaxaca fortalece las l\u00edneas de investigaci\u00f3n ministerial para identificar las causas del percance que provoc\u00f3 la muerte de 16 personas en el lugar de los hechos, adem\u00e1s de dejar 34 personas heridas.<\/p>\n","protected":false},"excerpt":{"rendered":"<p>Redacci\u00f3n\/Zona Roja. Oaxaca de Ju\u00e1rez, Oax., a 9 de octubre de 2023.-&nbsp;La Fiscal\u00eda General del&hellip;<\/p>\n","protected":false},"author":2,"featured_media":60667,"comment_status":"closed","ping_status":"open","sticky":false,"template":"","format":"standard","meta":{"_lmt_disableupdate":"","_lmt_disable":"","_jetpack_memberships_contains_paid_content":false,"footnotes":""},"categories":[109,47],"tags":[],"class_list":["post-60787","post","type-post","status-publish","format-standard","has-post-thumbnail","hentry","category-minuto-a-minuto","category-zona-gris"],"jetpack_featured_media_url":"https:\/\/zonaroja.com.mx\/wp-content\/uploads\/2023\/10\/Migrantes-accidente-supercarretera-Oaxaca.jpg","jetpack_sharing_enabled":true,"_links":{"self":[{"href":"https:\/\/zonaroja.com.mx\/index.php?rest_route=\/wp\/v2\/posts\/60787","targetHints":{"allow":["GET"]}}],"collection":[{"href":"https:\/\/zonaroja.com.mx\/index.php?rest_route=\/wp\/v2\/posts"}],"about":[{"href":"https:\/\/zonaroja.com.mx\/index.php?rest_route=\/wp\/v2\/types\/post"}],"author":[{"embeddable":true,"href":"https:\/\/zonaroja.com.mx\/index.php?rest_route=\/wp\/v2\/users\/2"}],"replies":[{"embeddable":true,"href":"https:\/\/zonaroja.com.mx\/index.php?rest_route=%2Fwp%2Fv2%2Fcomments&post=60787"}],"version-history":[{"count":1,"href":"https:\/\/zonaroja.com.mx\/index.php?rest_route=\/wp\/v2\/posts\/60787\/revisions"}],"predecessor-version":[{"id":60788,"href":"https:\/\/zonaroja.com.mx\/index.php?rest_route=\/wp\/v2\/posts\/60787\/revisions\/60788"}],"wp:featuredmedia":[{"embeddable":true,"href":"https:\/\/zonaroja.com.mx\/index.php?rest_route=\/wp\/v2\/media\/60667"}],"wp:attachment":[{"href":"https:\/\/zonaroja.com.mx\/index.php?rest_route=%2Fwp%2Fv2%2Fmedia&parent=60787"}],"wp:term":[{"taxonomy":"category","embeddable":true,"href":"https:\/\/zonaroja.com.mx\/index.php?rest_route=%2Fwp%2Fv2%2Fcategories&post=60787"},{"taxonomy":"post_tag","embeddable":true,"href":"https:\/\/zonaroja.com.mx\/index.php?rest_route=%2Fwp%2Fv2%2Ftags&post=60787"}],"curies":[{"name":"wp","href":"https:\/\/api.w.org\/{rel}","templated":true}]}}