{"id":60789,"date":"2023-10-09T18:57:49","date_gmt":"2023-10-09T23:57:49","guid":{"rendered":"http:\/\/www.zonaroja.com.mx\/?p=60789"},"modified":"2023-10-09T19:07:13","modified_gmt":"2023-10-10T00:07:13","slug":"sindica-de-oaxaca-de-juarez-da-seguimiento-a-agresion-a-policias-viales","status":"publish","type":"post","link":"https:\/\/zonaroja.com.mx\/?p=60789","title":{"rendered":"S\u00edndica de Oaxaca de Ju\u00e1rez da seguimiento a agresi\u00f3n a polic\u00edas viales"},"content":{"rendered":"\n<p>Redacci\u00f3n\/Zona Roja.<\/p>\n\n\n\n<p>Oaxaca de Ju\u00e1rez, Oax., a 9 de octubre de 2023.- Con la finalidad de que los delitos no queden impunes, la S\u00edndica del ayuntamiento de Oaxaca de Ju\u00e1rez, Nancy Mota Figueroa, da seguimiento al caso de la agresi\u00f3n a elementos de la Polic\u00eda Vial de la capital, ocurrido el pasado 3 de octubre.<\/p>\n\n\n\n<p>Por ello, acudi\u00f3 a los juzgados del Poder Judicial con sede en San Francisco Tanivet, Tlacolula, donde corrobor\u00f3 que fue calificada como legal la detenci\u00f3n de los agresores y por lo cual el juzgador determin\u00f3 prisi\u00f3n preventiva oficiosa.<\/p>\n\n\n\n<p>Tras ello, reconoci\u00f3 el trabajo de la Fiscal\u00eda General del Estado de Oaxaca, en este caso con la representaci\u00f3n de Arely Mart\u00ednez Santiago, y confi\u00f3 en que la labor que realiza la instituci\u00f3n de procuraci\u00f3n de justicia permitir\u00e1 que se aplique justicia.<\/p>\n\n\n\n<p>Derivado de la causa penal 1118\/2023, a los dos imputados, identificados como Edwin C. M. y Jared C. M. se les imputan los delitos de lesiones, contra funcionario p\u00fablico y da\u00f1os.<\/p>\n\n\n\n<p>Como se inform\u00f3, el pasado 3 de octubre en la calle Z\u00e1rate, cerca del parque \u201cEl Llano\u201d del centro de la ciudad de Oaxaca, en que, en presunto estado de ebriedad se opusieron a un arresto y golpearon a elementos de vialidad.<\/p>\n\n\n\n<p>Luego de la llegada de refuerzos, finalmente fueron despedidos y puestos a disposici\u00f3n del Ministerio P\u00fablico.<\/p>\n\n\n\n<p>La defensa de los acusados pidi\u00f3 la ampliaci\u00f3n del t\u00e9rmino constitucional, por lo que ser\u00e1 a las 11:00 d\u00edas del 11 de octubre en que se determine si son vinculados a proceso.<\/p>\n","protected":false},"excerpt":{"rendered":"<p>Redacci\u00f3n\/Zona Roja. Oaxaca de Ju\u00e1rez, Oax., a 9 de octubre de 2023.- Con la finalidad&hellip;<\/p>\n","protected":false},"author":2,"featured_media":44731,"comment_status":"closed","ping_status":"open","sticky":false,"template":"","format":"standard","meta":{"_lmt_disableupdate":"","_lmt_disable":"","_jetpack_memberships_contains_paid_content":false,"footnotes":""},"categories":[109,47],"tags":[3228],"class_list":["post-60789","post","type-post","status-publish","format-standard","has-post-thumbnail","hentry","category-minuto-a-minuto","category-zona-gris","tag-nancy-mota-figueroa"],"jetpack_featured_media_url":"https:\/\/zonaroja.com.mx\/wp-content\/uploads\/2022\/08\/Nancy-Mota-Fifgueroa.jpg","jetpack_sharing_enabled":true,"_links":{"self":[{"href":"https:\/\/zonaroja.com.mx\/index.php?rest_route=\/wp\/v2\/posts\/60789","targetHints":{"allow":["GET"]}}],"collection":[{"href":"https:\/\/zonaroja.com.mx\/index.php?rest_route=\/wp\/v2\/posts"}],"about":[{"href":"https:\/\/zonaroja.com.mx\/index.php?rest_route=\/wp\/v2\/types\/post"}],"author":[{"embeddable":true,"href":"https:\/\/zonaroja.com.mx\/index.php?rest_route=\/wp\/v2\/users\/2"}],"replies":[{"embeddable":true,"href":"https:\/\/zonaroja.com.mx\/index.php?rest_route=%2Fwp%2Fv2%2Fcomments&post=60789"}],"version-history":[{"count":2,"href":"https:\/\/zonaroja.com.mx\/index.php?rest_route=\/wp\/v2\/posts\/60789\/revisions"}],"predecessor-version":[{"id":60792,"href":"https:\/\/zonaroja.com.mx\/index.php?rest_route=\/wp\/v2\/posts\/60789\/revisions\/60792"}],"wp:featuredmedia":[{"embeddable":true,"href":"https:\/\/zonaroja.com.mx\/index.php?rest_route=\/wp\/v2\/media\/44731"}],"wp:attachment":[{"href":"https:\/\/zonaroja.com.mx\/index.php?rest_route=%2Fwp%2Fv2%2Fmedia&parent=60789"}],"wp:term":[{"taxonomy":"category","embeddable":true,"href":"https:\/\/zonaroja.com.mx\/index.php?rest_route=%2Fwp%2Fv2%2Fcategories&post=60789"},{"taxonomy":"post_tag","embeddable":true,"href":"https:\/\/zonaroja.com.mx\/index.php?rest_route=%2Fwp%2Fv2%2Ftags&post=60789"}],"curies":[{"name":"wp","href":"https:\/\/api.w.org\/{rel}","templated":true}]}}