{"id":60793,"date":"2023-10-09T19:52:53","date_gmt":"2023-10-10T00:52:53","guid":{"rendered":"http:\/\/www.zonaroja.com.mx\/?p=60793"},"modified":"2023-10-09T19:52:55","modified_gmt":"2023-10-10T00:52:55","slug":"brinda-la-ddhpo-acompanamiento-a-colectivos-de-busqueda-de-personas","status":"publish","type":"post","link":"https:\/\/zonaroja.com.mx\/?p=60793","title":{"rendered":"Brinda la DDHPO acompa\u00f1amiento a colectivos de b\u00fasqueda de personas"},"content":{"rendered":"\n<p>Redacci\u00f3n\/Zona Roja.<\/p>\n\n\n\n<p>Oaxaca de Ju\u00e1rez, Oax., a 9 de octubre de 2023.- La Defensor\u00eda de los Derechos Humanos del Pueblo de Oaxaca (DDHPO), bajo la premisa orientadora del rol esencial que tienen las v\u00edctimas en la b\u00fasqueda de personas desaparecidas y tomando en cuenta los Principios Rectores para la B\u00fasqueda de Personas Desaparecidas aprobados por el Comit\u00e9 de Naciones Unidas contra la Desaparici\u00f3n Forzada, sostuvo un encuentro con colectivos y familiares de personas desaparecidas.<\/p>\n\n\n\n<p>Como resultado de la mesa de trabajo conjunta entre la DDHPO con colectivos y familiares de personas desaparecidas, y con el objetivo de visibilizar y superar las principales problem\u00e1ticas que se viven en los procesos de b\u00fasqueda y acceso a la justicia ante las diversas autoridades, se plantearon l\u00edneas de acci\u00f3n para un trabajo coordinado entre los participantes.<\/p>\n\n\n\n<p>En este sentido, la DDHPO se comprometi\u00f3, en el marco de sus atribuciones constitucionales y legales, a intervenir y dar acompa\u00f1amiento a petici\u00f3n de los colectivos y familiares de personas desaparecidas en los procesos de b\u00fasqueda en general, reuniones de trabajo con autoridades y en particular en el dise\u00f1o, revisi\u00f3n, implementaci\u00f3n y evaluaci\u00f3n de los planes de b\u00fasqueda que se elaboran en las instancias competentes, con el fin de que \u00e9stas acciones se realicen cumpliendo los est\u00e1ndares nacionales e internacionales para garantizar el derecho de las v\u00edctimas directas a ser buscadas de manera amplia y exhaustiva.<\/p>\n\n\n\n<p>Asimismo, el organismo defensor, a convocatoria de los colectivos y familiares de personas desaparecidas, podr\u00e1 dar acompa\u00f1amiento a las actividades que \u00e9stos realicen y tengan relaci\u00f3n con el tema de las desapariciones en el estado de Oaxaca. En este acompa\u00f1amiento, la Defensor\u00eda retoma la exigencia de los colectivos y familiares de personas desaparecidas para que las instituciones y autoridades sean emp\u00e1ticos en la atenci\u00f3n del tema, cuenten con personal sensibilizado y capacitado para atenderlos.<\/p>\n\n\n\n<p>De igual forma, la Defensor\u00eda con un firme compromiso con la mejora continua y mayor acercamiento con los familiares de v\u00edctimas y colectivos, de manera coordinada informar\u00e1 puntualmente el avance en los casos que&nbsp; \u00e9stos han presentado ante este organismo protector de los derechos humanos. As\u00ed tambi\u00e9n fortalecer\u00e1 los mecanismos para la atenci\u00f3n inmediata y seguimiento de casos relacionados con reportes de personas desaparecidas.<\/p>\n\n\n\n<p>Esta Defensor\u00eda de los Derechos Humanos del Pueblo de Oaxaca asume los compromisos con los colectivos y familiares de personas desaparecidas, y recuerda que recientemente el Comit\u00e9 de Naciones Unidas contra la Desaparici\u00f3n Forzada en las Observaciones finales sobre la informaci\u00f3n complementaria presentada por M\u00e9xico con arreglo al art\u00edculo 29, p\u00e1rrafo 4, de la Convenci\u00f3n (aprobadas por el Comit\u00e9 en su 25\u00ba periodo de sesiones 11-29 de septiembre de 2023) recomend\u00f3 al estado mexicano:&nbsp;<\/p>\n\n\n\n<p>\u201cGarantizar la participaci\u00f3n de los familiares, allegados, representantes de las personas desaparecidas, y organizaciones de la sociedad civil en los procesos de b\u00fasqueda e investigaci\u00f3n, sin que ello implique que dichas personas se deban encargar de los mismos, ni que tengan la responsabilidad de producir las pruebas para la investigaci\u00f3n\u201d.&nbsp;<\/p>\n\n\n\n<p>Por ello, el trabajo de la DDHPO en el tema de la b\u00fasqueda de las personas desaparecidas es y ser\u00e1 bajo la premisa del derecho de las v\u00edctimas directas a ser buscadas de manera amplia, coordinada y permanente por todas las autoridades competentes y con una estrategia integral.&nbsp;<\/p>\n","protected":false},"excerpt":{"rendered":"<p>Redacci\u00f3n\/Zona Roja. Oaxaca de Ju\u00e1rez, Oax., a 9 de octubre de 2023.- La Defensor\u00eda de&hellip;<\/p>\n","protected":false},"author":2,"featured_media":60795,"comment_status":"closed","ping_status":"open","sticky":false,"template":"","format":"standard","meta":{"_lmt_disableupdate":"","_lmt_disable":"","_jetpack_memberships_contains_paid_content":false,"footnotes":""},"categories":[109,46],"tags":[286],"class_list":["post-60793","post","type-post","status-publish","format-standard","has-post-thumbnail","hentry","category-minuto-a-minuto","category-zona-blanca","tag-defensoria-de-los-derechos-humanos-del-pueblo-de-oaxaca"],"jetpack_featured_media_url":"https:\/\/zonaroja.com.mx\/wp-content\/uploads\/2023\/10\/DDHPO-y-colectivos-de-busqueda-1.tiff","jetpack_sharing_enabled":true,"_links":{"self":[{"href":"https:\/\/zonaroja.com.mx\/index.php?rest_route=\/wp\/v2\/posts\/60793","targetHints":{"allow":["GET"]}}],"collection":[{"href":"https:\/\/zonaroja.com.mx\/index.php?rest_route=\/wp\/v2\/posts"}],"about":[{"href":"https:\/\/zonaroja.com.mx\/index.php?rest_route=\/wp\/v2\/types\/post"}],"author":[{"embeddable":true,"href":"https:\/\/zonaroja.com.mx\/index.php?rest_route=\/wp\/v2\/users\/2"}],"replies":[{"embeddable":true,"href":"https:\/\/zonaroja.com.mx\/index.php?rest_route=%2Fwp%2Fv2%2Fcomments&post=60793"}],"version-history":[{"count":1,"href":"https:\/\/zonaroja.com.mx\/index.php?rest_route=\/wp\/v2\/posts\/60793\/revisions"}],"predecessor-version":[{"id":60796,"href":"https:\/\/zonaroja.com.mx\/index.php?rest_route=\/wp\/v2\/posts\/60793\/revisions\/60796"}],"wp:featuredmedia":[{"embeddable":true,"href":"https:\/\/zonaroja.com.mx\/index.php?rest_route=\/wp\/v2\/media\/60795"}],"wp:attachment":[{"href":"https:\/\/zonaroja.com.mx\/index.php?rest_route=%2Fwp%2Fv2%2Fmedia&parent=60793"}],"wp:term":[{"taxonomy":"category","embeddable":true,"href":"https:\/\/zonaroja.com.mx\/index.php?rest_route=%2Fwp%2Fv2%2Fcategories&post=60793"},{"taxonomy":"post_tag","embeddable":true,"href":"https:\/\/zonaroja.com.mx\/index.php?rest_route=%2Fwp%2Fv2%2Ftags&post=60793"}],"curies":[{"name":"wp","href":"https:\/\/api.w.org\/{rel}","templated":true}]}}