{"id":60797,"date":"2023-10-09T19:59:49","date_gmt":"2023-10-10T00:59:49","guid":{"rendered":"http:\/\/www.zonaroja.com.mx\/?p=60797"},"modified":"2023-10-09T19:59:51","modified_gmt":"2023-10-10T00:59:51","slug":"el-gobernador-de-oaxaca-entrega-el-mando-de-la-conago-a-yucatan","status":"publish","type":"post","link":"https:\/\/zonaroja.com.mx\/?p=60797","title":{"rendered":"El gobernador de Oaxaca entrega el mando de la Conago a Yucat\u00e1n"},"content":{"rendered":"\n<p>Redacci\u00f3n\/Zona Roja.<\/p>\n\n\n\n<p>Ciudad de M\u00e9xico, 9 de octubre de 2023.- Luego de siete meses de permanecer al frente de la Conferencia Nacional de Gobernadores (Conago) el gobernador de Oaxaca, Salom\u00f3n Jara Cruz, entreg\u00f3 la presidencia de este \u00f3rgano fortalecido y renovado conforme a las necesidades de la ciudadan\u00eda mexicana.<\/p>\n\n\n\n<p>El mandatario oaxaque\u00f1o entreg\u00f3 la estafeta a su hom\u00f3logo de Yucat\u00e1n, Mauricio Vila, teniendo como testigo al Presidente de M\u00e9xico, Andr\u00e9s Manuel L\u00f3pez Obrador, desde Palacio Nacional.<\/p>\n\n\n\n<p>En este marco, el gobernador Salom\u00f3n Jara agradeci\u00f3 la confianza que le brindaron las y los gobernadores y la entonces Jefa de Gobierno para conducir la Conago en una etapa de rescate y transformaci\u00f3n.<\/p>\n\n\n\n<p>Reconoci\u00f3 la madurez pol\u00edtica y la buena fe de todas y todos, lo que permiti\u00f3 a la Conferencia dejar de ser un mecanismo polarizado y utilizado para confrontar al Gobierno de la Rep\u00fablica, y se convirti\u00f3 en un espacio de di\u00e1logo y concertaci\u00f3n.<\/p>\n\n\n\n<p>En su mensaje, Jara Cruz refiri\u00f3 que en los meses que fungi\u00f3 como presidente de la Conferencia se enfoc\u00f3 en contribuir en el fortalecimiento de la relaci\u00f3n entre las entidades y el Poder Ejecutivo Federal; as\u00ed como promover el intercambio de experiencias exitosas en materia de pol\u00edticas p\u00fablicas y apoyar acciones a favor de la transformaci\u00f3n y el bienestar de M\u00e9xico.<\/p>\n\n\n\n<p>Entre las principales acciones emprendidas destac\u00f3 que, con este nuevo marco de operaci\u00f3n, quienes integran la Conago recibieron el 21 de marzo, en Oaxaca, a John Kerry, enviado especial del presidente de Estados Unidos Joe Biden, para abordar el tema del cambio clim\u00e1tico. \u201cFue una reuni\u00f3n hist\u00f3rica, y un intercambio de opiniones y propuestas francas y enriquecedoras\u201d, puntualiz\u00f3.<\/p>\n\n\n\n<p>\u201cDesde Oaxaca seguiremos aportando nuestro granito de arena y le deseamos el mayor de los \u00e9xitos al Gobernador de Yucat\u00e1n\u201d, concluy\u00f3.<\/p>\n\n\n\n<p>En su oportunidad, el gobernador de Yucat\u00e1n Mauricio Vila, quien -conforme al reglamento del organismo- asume durante los pr\u00f3ximos tres meses la presidencia de la Conago, reconoci\u00f3 el trabajo de Jara Cruz por generar un espacio de di\u00e1logo, adem\u00e1s de impulsar una importante reforma que la adec\u00faa a los tiempos actuales para volver a la Conferencia m\u00e1s austera y eficiente.<\/p>\n\n\n\n<p>\u201cQuiero reconocer el trabajo realizado por el Gobernador de Oaxaca Salom\u00f3n Jara Cruz, ya que durante su gesti\u00f3n la Conago fue un espacio de di\u00e1logo y colaboraci\u00f3n entre las y los gobernadores que integramos la Conferencia\u201d, afirm\u00f3 Mauricio Vila.<\/p>\n\n\n\n<p><a href=\"https:\/\/x.com\/ZonaRoja_Oaxaca\/status\/1711386898516545980?s=20\">https:\/\/x.com\/ZonaRoja_Oaxaca\/status\/1711386898516545980?s=20<\/a><\/p>\n","protected":false},"excerpt":{"rendered":"<p>Redacci\u00f3n\/Zona Roja. Ciudad de M\u00e9xico, 9 de octubre de 2023.- Luego de siete meses de&hellip;<\/p>\n","protected":false},"author":2,"featured_media":60798,"comment_status":"closed","ping_status":"open","sticky":false,"template":"","format":"standard","meta":{"_lmt_disableupdate":"","_lmt_disable":"","_jetpack_memberships_contains_paid_content":false,"footnotes":""},"categories":[109,46],"tags":[939],"class_list":["post-60797","post","type-post","status-publish","format-standard","has-post-thumbnail","hentry","category-minuto-a-minuto","category-zona-blanca","tag-salomon-jara-cruz"],"jetpack_featured_media_url":"https:\/\/zonaroja.com.mx\/wp-content\/uploads\/2023\/10\/Lopez-Obrador-Salomon-Jara-Mauricio-Vila.jpg","jetpack_sharing_enabled":true,"_links":{"self":[{"href":"https:\/\/zonaroja.com.mx\/index.php?rest_route=\/wp\/v2\/posts\/60797","targetHints":{"allow":["GET"]}}],"collection":[{"href":"https:\/\/zonaroja.com.mx\/index.php?rest_route=\/wp\/v2\/posts"}],"about":[{"href":"https:\/\/zonaroja.com.mx\/index.php?rest_route=\/wp\/v2\/types\/post"}],"author":[{"embeddable":true,"href":"https:\/\/zonaroja.com.mx\/index.php?rest_route=\/wp\/v2\/users\/2"}],"replies":[{"embeddable":true,"href":"https:\/\/zonaroja.com.mx\/index.php?rest_route=%2Fwp%2Fv2%2Fcomments&post=60797"}],"version-history":[{"count":1,"href":"https:\/\/zonaroja.com.mx\/index.php?rest_route=\/wp\/v2\/posts\/60797\/revisions"}],"predecessor-version":[{"id":60799,"href":"https:\/\/zonaroja.com.mx\/index.php?rest_route=\/wp\/v2\/posts\/60797\/revisions\/60799"}],"wp:featuredmedia":[{"embeddable":true,"href":"https:\/\/zonaroja.com.mx\/index.php?rest_route=\/wp\/v2\/media\/60798"}],"wp:attachment":[{"href":"https:\/\/zonaroja.com.mx\/index.php?rest_route=%2Fwp%2Fv2%2Fmedia&parent=60797"}],"wp:term":[{"taxonomy":"category","embeddable":true,"href":"https:\/\/zonaroja.com.mx\/index.php?rest_route=%2Fwp%2Fv2%2Fcategories&post=60797"},{"taxonomy":"post_tag","embeddable":true,"href":"https:\/\/zonaroja.com.mx\/index.php?rest_route=%2Fwp%2Fv2%2Ftags&post=60797"}],"curies":[{"name":"wp","href":"https:\/\/api.w.org\/{rel}","templated":true}]}}