{"id":60800,"date":"2023-10-09T22:16:10","date_gmt":"2023-10-10T03:16:10","guid":{"rendered":"http:\/\/www.zonaroja.com.mx\/?p=60800"},"modified":"2023-10-09T22:16:13","modified_gmt":"2023-10-10T03:16:13","slug":"usa-guillermo-quijas-dinero-publico-para-su-empresa-particular-llamada-filo","status":"publish","type":"post","link":"https:\/\/zonaroja.com.mx\/?p=60800","title":{"rendered":"Usa Guillermo Quijas dinero p\u00fablico para su empresa particular llamada FILO"},"content":{"rendered":"\n<p>Ismael Garc\u00eda M.\/Zona Roja.<\/p>\n\n\n\n<p>Oaxaca de Ju\u00e1rez, Oax., a 9 de octubre de 2023.- El empresario Guillermo Quijas utiliza la Feria Internacional del Libro de Oaxaca (FILO) como su empresa particular, para beneficiar sus negocios bajo la simulaci\u00f3n de promover la lectura.<\/p>\n\n\n\n<p>Este a\u00f1o, tiene un presupuesto de ocho millones de pesos pero la mayor\u00eda de los exponentes son las librer\u00edas y la editorial que administra, denunciaron hoy organizadores del Tianguis Literario, Aut\u00f3nomo y Popular.<\/p>\n\n\n\n<p>\u201cNo somos ajenos al alcance que puede tener un proyecto privado, ni tampoco nos posicionamos en contra de su realizaci\u00f3n. El tema concreto son las formas, el acaparamiento de recursos p\u00fablicos, el uso de dinero del pueblo oaxaque\u00f1o para el desarrollo de un monopolio empresarial (Almadia-Proveedora Escolar-Fondo Ventura), una plataforma al fin y al cabo, que a pesar de las buenas intenciones que pregone, no deja de ser lo que es: un negocio privado en donde el acceso a proyectos y editoriales locales se restringe a los beneficios econ\u00f3micos y pol\u00edticos de sus promotores\u201d, expusieron.<\/p>\n\n\n\n<p>En un pronunciamiento le\u00eddo en conferencia de prensa, lamentaron que en la FILO, dirigida por el empresario Guillermo Quijas-Corzo y su esposa, la directora Vania Resendiz Cerna, promuevan una cartelera repleta de palabras como \u00abcomunidad\u00bb, \u00abresistencia\u00bb, \u00abrebeld\u00eda\u00bb, \u00abrebeli\u00f3n\u00bb, \u00abpaz\u00bb, \u00abinclusi\u00f3n\u00bb, \u00ablenguas originarias\u00bb, \u00abfeminismos\u00bb, \u00abcomunidad LGBTQ+\u00bb, entre otros t\u00e9rminos que denotan la urgencia de visibilizarse como un proyecto democr\u00e1tico, inclusivo y de vanguardia, \u201cpretende legitimarse mediante discursos que desconoce en la pr\u00e1ctica\u201d.<\/p>\n\n\n\n<p>\u201cAl final, la FILO es un instrumento de un particular, sustentado por dinero p\u00fablico, para los fines comerciales, empresariales, de networking y relaciones p\u00fablicas, de este particular, Guillermo Quijas-Corzo, que ya est\u00e1 aprovechando esta coyuntura sumamente provechosa para aumentar las operaciones de su editorial (y otros productos) en Espa\u00f1a&#8230; con la fachada de ser una iniciativa \u2018independiente\u00b4 y \u00b4rebelde\u2019.<\/p>\n\n\n\n<figure class=\"wp-block-embed\"><div class=\"wp-block-embed__wrapper\">\nhttps:\/\/x.com\/ZonaRoja_Oaxaca\/status\/1711453226799714669?s=20\n<\/div><\/figure>\n\n\n\n<p>\u201cAnte este panorama hoy manifestamos: \u00a1Basta de cacicazgos y monopolias culturales! \u00a1No m\u00e1s acaparamiento de los recursos p\u00fablicos! \u00a1Democratizaci\u00f3n de la educaci\u00f3n y la cultura! \u00a1Los libros a las calles! \u00a1Vivan las bibliotecas comunitarias!&nbsp;<\/p>\n\n\n\n<p>\u201c\u00a1Dignificaci\u00f3n de los oficios y profesiones del mundo del libro y la escritura! \u00a1Viva el apoyo mutuo! \u00a1Qu\u00e9 florezcan m\u00e1s iniciativas culturales desde el pueblo y para el pueblo! \u00a1Viva el Tianguis Literario, Aut\u00f3nomo y Popular!\u201d, expusieron.<\/p>\n\n\n\n<p>Ante ello, dieron a conocer el tranguis literario, que se efectuar\u00e1 los d\u00edas 14 y 15 de octubre en un local ubicado a unos 500 metros del Centro Cultural y de Convenciones, sede de la FILO, y en las mismas fechas en que \u00e9sta se inaugura.<\/p>\n\n\n\n<p>Expusieron que esta iniciativa es un esfuerzo colectivo conformado por editoriales, librer\u00edas, escritores, gestores culturales, encuadernadores y esfuerzos diversos que comparten objetivos comunes: democratizar la cultura y la educaci\u00f3n, construir espacios de difusi\u00f3n y reflexi\u00f3n respecto a las diversas problem\u00e1ticas que compartimos como comunidad y poder vivir dignamente de nuestros oficios y profesiones.<\/p>\n\n\n\n<p>\u201cSi el gobierno encabezado por Salom\u00f3n Jara se dice preocupado por los \u00faltimos lugares que ocupa Oaxaca en las estad\u00edsticas de lectura, tendr\u00eda que reflexionar respecto a estas pr\u00e1cticas y cu\u00e1les son los beneficios y perjuicios tangibles a corto, mediano y largo plazo para la sociedad oaxaque\u00f1a de que un monopolio est\u00e9 al frente de un evento de esta magnitud\u201d, recalcaron.<\/p>\n","protected":false},"excerpt":{"rendered":"<p>Ismael Garc\u00eda M.\/Zona Roja. Oaxaca de Ju\u00e1rez, Oax., a 9 de octubre de 2023.- El&hellip;<\/p>\n","protected":false},"author":2,"featured_media":60801,"comment_status":"closed","ping_status":"open","sticky":false,"template":"","format":"standard","meta":{"_lmt_disableupdate":"","_lmt_disable":"","_jetpack_memberships_contains_paid_content":false,"footnotes":""},"categories":[109,46],"tags":[],"class_list":["post-60800","post","type-post","status-publish","format-standard","has-post-thumbnail","hentry","category-minuto-a-minuto","category-zona-blanca"],"jetpack_featured_media_url":"https:\/\/zonaroja.com.mx\/wp-content\/uploads\/2023\/10\/Feria-independiente-del-libro-Oaxaca.jpg","jetpack_sharing_enabled":true,"_links":{"self":[{"href":"https:\/\/zonaroja.com.mx\/index.php?rest_route=\/wp\/v2\/posts\/60800","targetHints":{"allow":["GET"]}}],"collection":[{"href":"https:\/\/zonaroja.com.mx\/index.php?rest_route=\/wp\/v2\/posts"}],"about":[{"href":"https:\/\/zonaroja.com.mx\/index.php?rest_route=\/wp\/v2\/types\/post"}],"author":[{"embeddable":true,"href":"https:\/\/zonaroja.com.mx\/index.php?rest_route=\/wp\/v2\/users\/2"}],"replies":[{"embeddable":true,"href":"https:\/\/zonaroja.com.mx\/index.php?rest_route=%2Fwp%2Fv2%2Fcomments&post=60800"}],"version-history":[{"count":1,"href":"https:\/\/zonaroja.com.mx\/index.php?rest_route=\/wp\/v2\/posts\/60800\/revisions"}],"predecessor-version":[{"id":60802,"href":"https:\/\/zonaroja.com.mx\/index.php?rest_route=\/wp\/v2\/posts\/60800\/revisions\/60802"}],"wp:featuredmedia":[{"embeddable":true,"href":"https:\/\/zonaroja.com.mx\/index.php?rest_route=\/wp\/v2\/media\/60801"}],"wp:attachment":[{"href":"https:\/\/zonaroja.com.mx\/index.php?rest_route=%2Fwp%2Fv2%2Fmedia&parent=60800"}],"wp:term":[{"taxonomy":"category","embeddable":true,"href":"https:\/\/zonaroja.com.mx\/index.php?rest_route=%2Fwp%2Fv2%2Fcategories&post=60800"},{"taxonomy":"post_tag","embeddable":true,"href":"https:\/\/zonaroja.com.mx\/index.php?rest_route=%2Fwp%2Fv2%2Ftags&post=60800"}],"curies":[{"name":"wp","href":"https:\/\/api.w.org\/{rel}","templated":true}]}}