{"id":60807,"date":"2023-10-10T08:30:26","date_gmt":"2023-10-10T13:30:26","guid":{"rendered":"http:\/\/www.zonaroja.com.mx\/?p=60807"},"modified":"2023-10-10T08:30:29","modified_gmt":"2023-10-10T13:30:29","slug":"recupera-israel-el-control-de-la-zona-fronteriza-con-la-franja-de-gaza","status":"publish","type":"post","link":"https:\/\/zonaroja.com.mx\/?p=60807","title":{"rendered":"Recupera Israel el control de la zona fronteriza con la Franja de Gaza"},"content":{"rendered":"\n<p>Redacci\u00f3n\/Zona Roja Cdmx.<\/p>\n\n\n\n<p>Ciudad de M\u00e9xico, a 10 de octubre de 2023.- Israel ha recuperado el control de la zona fronteriza con la Franja de Gaza y logr\u00f3 cesar la infiltraci\u00f3n de milicianos de Hamas en su territorio, inform\u00f3 el Ej\u00e9rcito israel\u00ed este martes, el cuarto d\u00eda de guerra contra el movimiento islamista.<\/p>\n\n\n\n<p>\u201cHemos restaurado pr\u00e1cticamente el control completo en la valla fronteriza con Gaza, estamos restaurando y organizando el per\u00edmetro\u201d, indic\u00f3 a medios internacionales Richard Hecht, portavoz del Ej\u00e9rcito, al precisar que aunque las infiltraciones de milicianos a\u00fan pueden ocurrir, no se han reportado incidentes de este tipo durante la noche.<\/p>\n\n\n\n<p>Durante la noche se registraron dos tiroteos entre milicianos y fuerzas israel\u00edes en el \u00e1rea aleda\u00f1a a la frontera, \u201cpero m\u00e1s all\u00e1 de eso, la zona ha sido asegurada\u201d, recalc\u00f3 Hetch, precisando que todas las comunidades israel\u00edes cercanas al enclave palestino han sido evacuadas.<\/p>\n\n\n\n<p>Adem\u00e1s, inform\u00f3 de que las fuerzas israel\u00edes est\u00e1n \u201cconstruyendo una infraestructura para futuras operaciones\u201d en esa zona, y que el Ej\u00e9rcito est\u00e1 \u201cenfocado en la ofensiva en la Franja de Gaza, en los ataques a\u00e9reos\u201d contra el enclave palestino por aire, tierra y mar.<\/p>\n\n\n\n<p>La madrugada de este martes, decenas de aviones de combate de Israel continuaron los bombardeos sobre 200 objetivos de Hamas y la Yihad Isl\u00e1mica en las localidades gazat\u00edes de Rimal y Jan Yunis.<\/p>\n\n\n\n<p>Un almac\u00e9n de armas y un centro operativo de Hamas ubicados dentro de mezquitas fueron atacados, as\u00ed como un punto de entrada a un t\u00fanel utilizado por los milicianos para invadir Israel.<\/p>\n\n\n\n<p>Los civiles en Gaza, asediados por los incesantes bombardeos, denuncian que los ataques de Israel se realizan en zonas residenciales, de culto y hospitales, sin aviso previo que permita la evacuaci\u00f3n.<\/p>\n\n\n\n<p>\u201cEsto no es un evento regular, esto es una guerra, esto es un evento masivo y \u00e9pico en la sociedad israel\u00ed\u201d, dijo Hecht, al asegurar que las tropas hacen lo posible para minimizar los da\u00f1os a civiles.<\/p>\n\n\n\n<p>Israel y Hamas -que gobierna de facto la Franja de Gaza- entraron este martes en su cuarto d\u00eda de una guerra que ha dejado m\u00e1s de 900 muertos en Israel.<\/p>\n\n\n\n<p>El s\u00e1bado pasado, en pleno shabat (d\u00eda sagrado para los jud\u00edos), Hamas tom\u00f3 por sorpresa a Israel con una ofensiva masiva que incluy\u00f3 el lanzamiento de miles de cohetes y la infiltraci\u00f3n en territorio israel\u00ed de un n\u00famero indeterminado de milicianos, que han masacrado civiles y secuestrado m\u00e1s de 100 personas, aparentemente para intercambiarlas por presos palestinos.<\/p>\n\n\n\n<p>Ese mismo d\u00eda, Israel se declar\u00f3 en estado de guerra e inici\u00f3 un contraataque con proyectiles a\u00e9reos, navales y terrestres sobre la Franja de Gaza, as\u00ed como la caza de milicianos en territorio israel\u00ed.<\/p>\n\n\n\n<p>Hecht confirm\u00f3 que Israel ha recuperado unos 1.500 cad\u00e1veres de milicianos de Hamas en territorio israel\u00ed, lo que da una idea de la cantidad de efectivos que la milicia palestina despleg\u00f3 en su brutal ataque m\u00faltiple contra Israel.<\/p>\n\n\n\n<p>Por otro lado, el portavoz militar asegur\u00f3 que Estados Unidos expres\u00f3 \u201csu compromiso con las capacidades (militares) de Israel\u201d, y que enviar\u00e1 un equipo de combate.<\/p>\n\n\n\n<p>\u201cCreo que cuando se tiene la sombra de Estados Unidos, se env\u00eda un mensaje a la gente que est\u00e1 en horizontes m\u00e1s lejanos para que se mantenga al margen de esto\u201d, coment\u00f3.<\/p>\n\n\n\n<p>(Con informaci\u00f3n de EFE, en Infobae)<\/p>\n","protected":false},"excerpt":{"rendered":"<p>Redacci\u00f3n\/Zona Roja Cdmx. Ciudad de M\u00e9xico, a 10 de octubre de 2023.- Israel ha recuperado&hellip;<\/p>\n","protected":false},"author":2,"featured_media":60808,"comment_status":"closed","ping_status":"open","sticky":false,"template":"","format":"standard","meta":{"_lmt_disableupdate":"","_lmt_disable":"","_jetpack_memberships_contains_paid_content":false,"footnotes":""},"categories":[109,47],"tags":[2668],"class_list":["post-60807","post","type-post","status-publish","format-standard","has-post-thumbnail","hentry","category-minuto-a-minuto","category-zona-gris","tag-conflicto-gaza-israel"],"jetpack_featured_media_url":"https:\/\/zonaroja.com.mx\/wp-content\/uploads\/2023\/10\/Guerra-Israel-Hamas.jpeg","jetpack_sharing_enabled":true,"_links":{"self":[{"href":"https:\/\/zonaroja.com.mx\/index.php?rest_route=\/wp\/v2\/posts\/60807","targetHints":{"allow":["GET"]}}],"collection":[{"href":"https:\/\/zonaroja.com.mx\/index.php?rest_route=\/wp\/v2\/posts"}],"about":[{"href":"https:\/\/zonaroja.com.mx\/index.php?rest_route=\/wp\/v2\/types\/post"}],"author":[{"embeddable":true,"href":"https:\/\/zonaroja.com.mx\/index.php?rest_route=\/wp\/v2\/users\/2"}],"replies":[{"embeddable":true,"href":"https:\/\/zonaroja.com.mx\/index.php?rest_route=%2Fwp%2Fv2%2Fcomments&post=60807"}],"version-history":[{"count":1,"href":"https:\/\/zonaroja.com.mx\/index.php?rest_route=\/wp\/v2\/posts\/60807\/revisions"}],"predecessor-version":[{"id":60809,"href":"https:\/\/zonaroja.com.mx\/index.php?rest_route=\/wp\/v2\/posts\/60807\/revisions\/60809"}],"wp:featuredmedia":[{"embeddable":true,"href":"https:\/\/zonaroja.com.mx\/index.php?rest_route=\/wp\/v2\/media\/60808"}],"wp:attachment":[{"href":"https:\/\/zonaroja.com.mx\/index.php?rest_route=%2Fwp%2Fv2%2Fmedia&parent=60807"}],"wp:term":[{"taxonomy":"category","embeddable":true,"href":"https:\/\/zonaroja.com.mx\/index.php?rest_route=%2Fwp%2Fv2%2Fcategories&post=60807"},{"taxonomy":"post_tag","embeddable":true,"href":"https:\/\/zonaroja.com.mx\/index.php?rest_route=%2Fwp%2Fv2%2Ftags&post=60807"}],"curies":[{"name":"wp","href":"https:\/\/api.w.org\/{rel}","templated":true}]}}