{"id":6081,"date":"2019-11-26T07:04:51","date_gmt":"2019-11-26T13:04:51","guid":{"rendered":"http:\/\/www.zonaroja.com.mx\/?p=6081"},"modified":"2019-11-26T07:04:55","modified_gmt":"2019-11-26T13:04:55","slug":"regresan-a-clases-a-las-primarias-aledanas-a-zona-de-explosion-en-la-capital","status":"publish","type":"post","link":"https:\/\/zonaroja.com.mx\/?p=6081","title":{"rendered":"Regresan a clases a las primarias aleda\u00f1as a zona de explosi\u00f3n en la capital"},"content":{"rendered":"\n<p>Redacci\u00f3n\/Zona\nRoja.<\/p>\n\n\n\n<p>Oaxaca de\nJu\u00e1rez, Oax. 26 de noviembre de 2019.- Este martes reanudaron clases en la\nEscuela Secundaria T\u00e9cnica n\u00famero 106 y la primaria \u201cPolicarpo T. S\u00e1nchez\u201d, planteles\nque suspendieron clases como medida preventiva luego de la explosi\u00f3n en una\npanader\u00eda de la colonia Moctezuma, en la agencia de San Mart\u00edn Mexic\u00e1pam.<\/p>\n\n\n\n<p>El Instituto\nEstatal de Educaci\u00f3n P\u00fablica de Oaxaca (IEEPO) indic\u00f3 que por instrucciones del\ndirector general, Francisco \u00c1ngel Villarreal, el \u00e1rea de Protecci\u00f3n Civil y\nEmergencia Escolar llev\u00f3 a cabo los protocolos establecidos por Protecci\u00f3n\nCivil Municipal y luego de una revisi\u00f3n y verificaci\u00f3n de las instalaciones de\nlos inmuebles, determin\u00f3 que existen las condiciones para el regreso de las y\nlos alumnos a las aulas.<\/p>\n\n\n\n<p>Asimismo, se\nestableci\u00f3 el compromiso con los directores de ambas instituciones, para\ncontinuar con el programa de capacitaci\u00f3n en materia de protecci\u00f3n civil y\nensayar los diversos protocolos de actuaci\u00f3n de acuerdo a los fen\u00f3menos\nperturbadores a que est\u00e1n sujetas la comunidad educativa y su entorno.<\/p>\n\n\n\n<p>A\u00f1adi\u00f3 que el\nIEEPO, a trav\u00e9s de sus \u00e1reas correspondientes, se encuentra atento de los\nrequerimientos que solicite la comunidad escolar y para ello se encuentra a\ndisposici\u00f3n el n\u00famero 800 433 76 15.<\/p>\n","protected":false},"excerpt":{"rendered":"<p>Redacci\u00f3n\/Zona Roja. Oaxaca de Ju\u00e1rez, Oax. 26 de noviembre de 2019.- Este martes reanudaron clases&hellip;<\/p>\n","protected":false},"author":2,"featured_media":6082,"comment_status":"closed","ping_status":"open","sticky":false,"template":"","format":"standard","meta":{"_lmt_disableupdate":"","_lmt_disable":"","_jetpack_memberships_contains_paid_content":false,"footnotes":""},"categories":[109,46],"tags":[1040],"class_list":["post-6081","post","type-post","status-publish","format-standard","has-post-thumbnail","hentry","category-minuto-a-minuto","category-zona-blanca","tag-san-martin-mexicapam"],"jetpack_featured_media_url":"https:\/\/zonaroja.com.mx\/wp-content\/uploads\/2019\/11\/IMG_0755.jpg","jetpack_sharing_enabled":true,"_links":{"self":[{"href":"https:\/\/zonaroja.com.mx\/index.php?rest_route=\/wp\/v2\/posts\/6081","targetHints":{"allow":["GET"]}}],"collection":[{"href":"https:\/\/zonaroja.com.mx\/index.php?rest_route=\/wp\/v2\/posts"}],"about":[{"href":"https:\/\/zonaroja.com.mx\/index.php?rest_route=\/wp\/v2\/types\/post"}],"author":[{"embeddable":true,"href":"https:\/\/zonaroja.com.mx\/index.php?rest_route=\/wp\/v2\/users\/2"}],"replies":[{"embeddable":true,"href":"https:\/\/zonaroja.com.mx\/index.php?rest_route=%2Fwp%2Fv2%2Fcomments&post=6081"}],"version-history":[{"count":1,"href":"https:\/\/zonaroja.com.mx\/index.php?rest_route=\/wp\/v2\/posts\/6081\/revisions"}],"predecessor-version":[{"id":6083,"href":"https:\/\/zonaroja.com.mx\/index.php?rest_route=\/wp\/v2\/posts\/6081\/revisions\/6083"}],"wp:featuredmedia":[{"embeddable":true,"href":"https:\/\/zonaroja.com.mx\/index.php?rest_route=\/wp\/v2\/media\/6082"}],"wp:attachment":[{"href":"https:\/\/zonaroja.com.mx\/index.php?rest_route=%2Fwp%2Fv2%2Fmedia&parent=6081"}],"wp:term":[{"taxonomy":"category","embeddable":true,"href":"https:\/\/zonaroja.com.mx\/index.php?rest_route=%2Fwp%2Fv2%2Fcategories&post=6081"},{"taxonomy":"post_tag","embeddable":true,"href":"https:\/\/zonaroja.com.mx\/index.php?rest_route=%2Fwp%2Fv2%2Ftags&post=6081"}],"curies":[{"name":"wp","href":"https:\/\/api.w.org\/{rel}","templated":true}]}}