{"id":60810,"date":"2023-10-10T08:55:22","date_gmt":"2023-10-10T13:55:22","guid":{"rendered":"http:\/\/www.zonaroja.com.mx\/?p=60810"},"modified":"2023-10-10T08:55:24","modified_gmt":"2023-10-10T13:55:24","slug":"crisis-sindical-en-el-hospital-civil-de-oaxaca-alcanza-a-gobierno","status":"publish","type":"post","link":"https:\/\/zonaroja.com.mx\/?p=60810","title":{"rendered":"Crisis sindical en el Hospital Civil de Oaxaca alcanza a gobierno"},"content":{"rendered":"\n<p>Ismael Garc\u00eda M.\/Zona Roja.<\/p>\n\n\n\n<p>Oaxaca de Ju\u00e1rez, Oax., a 10 de octubre de 2023.- La crisis sindical en el Hospital Civil \u201cDr. Aurelio Valdivieso\u201d alcanz\u00f3 a las oficinas de gobierno del nosocomio, que por segundo d\u00eda permanecen \u201ctomadas\u201d<\/p>\n\n\n\n<p>Desde el pasado viernes, la mayor\u00eda de los trabajadores de base se rebel\u00f3 en contra del comit\u00e9 ejecutivo de la Subvenci\u00f3n 07 de la Secci\u00f3n 35 del Sindicato Nacional de Trabajadores de Salud, por presuntos actos de corrupci\u00f3n.<\/p>\n\n\n\n<p>Tanto el secretario General, Marcos G\u00f3mez Cruz, como la secretaria de Escalaf\u00f3n, Marlon Gabriela Sosa Castillo, est\u00e1n acusados de vender plazas laborales, falsificar documentos y traficar con cambios escalafonarios.<\/p>\n\n\n\n<p>Por ello, en asamblea, ayer se determin\u00f3 desconocer a los integrantes del comit\u00e9 ejecutivo y adem\u00e1s cerraron las oficinas de gobierno del hospital, dependiente de los Servicios de Salud de Oaxaca (SSO).<\/p>\n\n\n\n<p>Integrantes de la dirigencia de la Secci\u00f3n 35 del Sindicato Nacional arribaron a dialogar con los inconformes para intentar mediar; sin embargo, los trabajadores de bases se mantuvieron en su postura de desconocimiento de su comit\u00e9 ejecutivo.<\/p>\n\n\n\n<p>Adem\u00e1s, demandaron la realizaci\u00f3n de una asamblea extraordinaria para elegir a un nuevo comit\u00e9 o en su caso una dirigencia provisional.<\/p>\n\n\n\n<p>Aunado a ello, los sindicalizados habr\u00edan desconocido a los directivo del Hospital General \u201cDr. Aurelio Valdivieso\u201d, lo cual no ha confirmado la dependencia Servicios de Salud de Oaxaca ni ha emitido postura sobre la problem\u00e1tica.<\/p>\n","protected":false},"excerpt":{"rendered":"<p>Ismael Garc\u00eda M.\/Zona Roja. Oaxaca de Ju\u00e1rez, Oax., a 10 de octubre de 2023.- La&hellip;<\/p>\n","protected":false},"author":2,"featured_media":60812,"comment_status":"closed","ping_status":"open","sticky":false,"template":"","format":"standard","meta":{"_lmt_disableupdate":"","_lmt_disable":"","_jetpack_memberships_contains_paid_content":false,"footnotes":""},"categories":[109,47],"tags":[781],"class_list":["post-60810","post","type-post","status-publish","format-standard","has-post-thumbnail","hentry","category-minuto-a-minuto","category-zona-gris","tag-hospital-civil-dr-aurelio-valdivieso-de-oaxaca"],"jetpack_featured_media_url":"https:\/\/zonaroja.com.mx\/wp-content\/uploads\/2023\/10\/Sindicalizados-toman-las-oficinas-del-Hospital-Civil.jpg","jetpack_sharing_enabled":true,"_links":{"self":[{"href":"https:\/\/zonaroja.com.mx\/index.php?rest_route=\/wp\/v2\/posts\/60810","targetHints":{"allow":["GET"]}}],"collection":[{"href":"https:\/\/zonaroja.com.mx\/index.php?rest_route=\/wp\/v2\/posts"}],"about":[{"href":"https:\/\/zonaroja.com.mx\/index.php?rest_route=\/wp\/v2\/types\/post"}],"author":[{"embeddable":true,"href":"https:\/\/zonaroja.com.mx\/index.php?rest_route=\/wp\/v2\/users\/2"}],"replies":[{"embeddable":true,"href":"https:\/\/zonaroja.com.mx\/index.php?rest_route=%2Fwp%2Fv2%2Fcomments&post=60810"}],"version-history":[{"count":1,"href":"https:\/\/zonaroja.com.mx\/index.php?rest_route=\/wp\/v2\/posts\/60810\/revisions"}],"predecessor-version":[{"id":60813,"href":"https:\/\/zonaroja.com.mx\/index.php?rest_route=\/wp\/v2\/posts\/60810\/revisions\/60813"}],"wp:featuredmedia":[{"embeddable":true,"href":"https:\/\/zonaroja.com.mx\/index.php?rest_route=\/wp\/v2\/media\/60812"}],"wp:attachment":[{"href":"https:\/\/zonaroja.com.mx\/index.php?rest_route=%2Fwp%2Fv2%2Fmedia&parent=60810"}],"wp:term":[{"taxonomy":"category","embeddable":true,"href":"https:\/\/zonaroja.com.mx\/index.php?rest_route=%2Fwp%2Fv2%2Fcategories&post=60810"},{"taxonomy":"post_tag","embeddable":true,"href":"https:\/\/zonaroja.com.mx\/index.php?rest_route=%2Fwp%2Fv2%2Ftags&post=60810"}],"curies":[{"name":"wp","href":"https:\/\/api.w.org\/{rel}","templated":true}]}}