{"id":60814,"date":"2023-10-10T12:30:00","date_gmt":"2023-10-10T17:30:00","guid":{"rendered":"http:\/\/www.zonaroja.com.mx\/?p=60814"},"modified":"2023-10-10T08:58:32","modified_gmt":"2023-10-10T13:58:32","slug":"la-inflacion-liga-8-meses-a-la-baja-en-mexico-se-ubica-en-4-45","status":"publish","type":"post","link":"https:\/\/zonaroja.com.mx\/?p=60814","title":{"rendered":"La inflaci\u00f3n liga 8 meses a la baja en M\u00e9xico; se ubica en 4.45%"},"content":{"rendered":"\n<p>Redacci\u00f3n\/Zona Roja Cdmx.<\/p>\n\n\n\n<p>Ciudad de M\u00e9xico, a 10 de octubre de 2023.- La inflaci\u00f3n al consumidor en M\u00e9xico mantuvo su proceso de desaceleraci\u00f3n, aunque m\u00e1s lento, pues aunque se moder\u00f3 por octavo mes consecutivo, a 4.45 por ciento anual en septiembre, marc\u00f3 su menor tasa desde febrero de 2021, adem\u00e1s de que comenz\u00f3 a mostrar resistencia a disminuir r\u00e1pidamente, revel\u00f3 el \u00cdndice Nacional de Precios al Consumidor (INPC).<\/p>\n\n\n\n<p>El Instituto Nacional de Estad\u00edstica y Geograf\u00eda (Inegi) public\u00f3 ayer el dato de inflaci\u00f3n de septiembre, el cual mostr\u00f3 un avance de 0.44 por ciento respecto a agosto, lo que gener\u00f3 que el dato anual se ubicara en 4.45 por ciento, en l\u00ednea con la estimaci\u00f3n que ten\u00eda el consenso de los participantes de la encuesta de Citibanamex, que esperaban un dato mensual de 0.45 por ciento y con respecto a septiembre de 2022 de 4.46 por ciento.<\/p>\n\n\n\n<p>La tasa de inflaci\u00f3n de septiembre hil\u00f3 31 meses por arriba de la meta de estabilidad de precios del Banco de M\u00e9xico (BdeM) de entre 3 y 4 por ciento. El comportamiento general de la inflaci\u00f3n en el pa\u00eds estuvo determinado por el aumento de los alimentos frescos (agropecuarios); tarifas autorizadas por el gobierno; educaci\u00f3n (colegiaturas). Las presiones continuaron en categor\u00edas como loncher\u00edas, fondas, torter\u00edas y taquer\u00edas. Lo anterior se vio parcialmente compensado por ca\u00eddas de la inflaci\u00f3n de mercanc\u00edas.<\/p>\n\n\n\n<p>\u201cComo se esperaba, la inflaci\u00f3n comienza a mostrar resistencia a disminuir r\u00e1pidamente. En septiembre la tasa anual se ajust\u00f3 a la baja, pero la quincenal subi\u00f3, mientras la subyacente quincenal s\u00f3lo baj\u00f3 cuatro cent\u00e9simas. La general qued\u00f3 en 4.45 por ciento y subyacente 5.76 por ciento. A partir de septiembre el efecto base positivo se desvaneci\u00f3 y la inflaci\u00f3n se resistir\u00e1 a caer, qued\u00e1ndose alrededor de 4.5 por ciento, ya que octubre y noviembre son meses de aumentos altos por la terminaci\u00f3n de tarifas de descuento de electricidad\u201d, explic\u00f3 Alfredo Couti\u00f1o, director de Moody\u2019s Analytics.<\/p>\n\n\n\n<p>Dentro de los productos con mayor incidencia en la inflaci\u00f3n que reportaron precios al alza est\u00e1n el jitomate, con una variaci\u00f3n mensual de 10.28 por ciento; el lim\u00f3n, 33.79 por ciento; gas dom\u00e9stico LP, 2.81; huevo, 5.43; colegiaturas de primaria y universidad (6.07 y 1.75 por ciento, en ese orden); loncher\u00edas, fondas, torter\u00edas y taquer\u00edas, 0.37 por ciento, entre otros.<\/p>\n\n\n\n<p>Del otro lado, los productos con precios a la baja fueron servicios profesionales, 14.61 por ciento; naranja, 10.86 por ciento; aguacate, chayote, tomate verde y pollo, con descensos de 8.59, 27.48, 12.60 y 0.98 por ciento, respectivamente.<\/p>\n\n\n\n<p>Subyacente y no subyacente<\/p>\n\n\n\n<p>El \u00edndice de precios subyacente, que determina la trayectoria de la inflaci\u00f3n general en el mediano y largo plazos y que excluye elementos vol\u00e1tiles como los alimentos y la energ\u00eda, se ubic\u00f3 de forma mensual en 0.36 por ciento y de forma anual se redujo de 6.08 por ciento a 5.76 por ciento de agosto a septiembre.<\/p>\n\n\n\n<p>En el \u00edndice subyacente, a tasa mensual, los precios de las mercanc\u00edas incrementaron 0.31 por ciento, tras el 0.24 por ciento mensual de agosto; mientras que los servicios se ubicaron en 0.43 por ciento, luego de su avance de 0.31 por ciento previo. Mientras que con respecto al mismo mes de 2022, mercanc\u00edas se desaceleraron a 6.20 por ciento; y servicios se aceleraron a 5.23 por ciento, luego de que en agosto fue de 5.15 por ciento.<\/p>\n\n\n\n<p>(Informaci\u00f3n de \u201cLa Jornada\u201d)<\/p>\n","protected":false},"excerpt":{"rendered":"<p>Redacci\u00f3n\/Zona Roja Cdmx. Ciudad de M\u00e9xico, a 10 de octubre de 2023.- La inflaci\u00f3n al&hellip;<\/p>\n","protected":false},"author":2,"featured_media":57952,"comment_status":"closed","ping_status":"open","sticky":false,"template":"","format":"standard","meta":{"_lmt_disableupdate":"","_lmt_disable":"","_jetpack_memberships_contains_paid_content":false,"footnotes":""},"categories":[109,46],"tags":[3202],"class_list":["post-60814","post","type-post","status-publish","format-standard","has-post-thumbnail","hentry","category-minuto-a-minuto","category-zona-blanca","tag-inflacion-en-mexico"],"jetpack_featured_media_url":"https:\/\/zonaroja.com.mx\/wp-content\/uploads\/2023\/07\/Inflacion-en-Mexico.jpeg","jetpack_sharing_enabled":true,"_links":{"self":[{"href":"https:\/\/zonaroja.com.mx\/index.php?rest_route=\/wp\/v2\/posts\/60814","targetHints":{"allow":["GET"]}}],"collection":[{"href":"https:\/\/zonaroja.com.mx\/index.php?rest_route=\/wp\/v2\/posts"}],"about":[{"href":"https:\/\/zonaroja.com.mx\/index.php?rest_route=\/wp\/v2\/types\/post"}],"author":[{"embeddable":true,"href":"https:\/\/zonaroja.com.mx\/index.php?rest_route=\/wp\/v2\/users\/2"}],"replies":[{"embeddable":true,"href":"https:\/\/zonaroja.com.mx\/index.php?rest_route=%2Fwp%2Fv2%2Fcomments&post=60814"}],"version-history":[{"count":1,"href":"https:\/\/zonaroja.com.mx\/index.php?rest_route=\/wp\/v2\/posts\/60814\/revisions"}],"predecessor-version":[{"id":60815,"href":"https:\/\/zonaroja.com.mx\/index.php?rest_route=\/wp\/v2\/posts\/60814\/revisions\/60815"}],"wp:featuredmedia":[{"embeddable":true,"href":"https:\/\/zonaroja.com.mx\/index.php?rest_route=\/wp\/v2\/media\/57952"}],"wp:attachment":[{"href":"https:\/\/zonaroja.com.mx\/index.php?rest_route=%2Fwp%2Fv2%2Fmedia&parent=60814"}],"wp:term":[{"taxonomy":"category","embeddable":true,"href":"https:\/\/zonaroja.com.mx\/index.php?rest_route=%2Fwp%2Fv2%2Fcategories&post=60814"},{"taxonomy":"post_tag","embeddable":true,"href":"https:\/\/zonaroja.com.mx\/index.php?rest_route=%2Fwp%2Fv2%2Ftags&post=60814"}],"curies":[{"name":"wp","href":"https:\/\/api.w.org\/{rel}","templated":true}]}}