{"id":60818,"date":"2023-10-10T15:12:00","date_gmt":"2023-10-10T20:12:00","guid":{"rendered":"http:\/\/www.zonaroja.com.mx\/?p=60818"},"modified":"2023-10-10T09:14:37","modified_gmt":"2023-10-10T14:14:37","slug":"el-acnur-sin-recursos-para-atender-a-110-millones-de-desplazados","status":"publish","type":"post","link":"https:\/\/zonaroja.com.mx\/?p=60818","title":{"rendered":"El Acnur, sin recursos para atender a 110 millones de desplazados"},"content":{"rendered":"\n<p>Redacci\u00f3n\/Zona Roja Cdmx.<\/p>\n\n\n\n<p>Ciudad de M\u00e9xico, a 10 de octubre de 2023.- El director del Alto Comisionado de Naciones Unidas para los Refugiados (Acnur), Filippo Grandi, dijo ayer que la organizaci\u00f3n enfrenta uno de los momentos m\u00e1s dif\u00edciles de sus m\u00e1s de 70 a\u00f1os de historia, con 110 millones de desplazados en el mundo y un importante d\u00e9ficit de financiaci\u00f3n.<\/p>\n\n\n\n<p>Los conflictos, desde Ucrania hasta Sud\u00e1n, han llevado los desplazamientos a \u00edndices r\u00e9cord, cuando algunos gobiernos, incluidos los que anta\u00f1o eran acogedores como Alemania, enfrentan creciente presi\u00f3n para endurecer las pol\u00edticas hacia los solicitantes de asilo.<\/p>\n\n\n\n<p>En un discurso ante el \u00f3rgano de gobierno del Acnur, Grandi inst\u00f3 a los pa\u00edses a respetar los derechos de quienes huyen de conflictos o persecuciones, garantizados por la Convenci\u00f3n sobre el Estatuto de los Refugiados de 1951, para cuya supervisi\u00f3n se cre\u00f3 el organismo.<\/p>\n\n\n\n<p>\u201cLes pido con toda solemnidad que se centren al menos en las \u00e1reas en las que podemos estar de acuerdo\u201d, expres\u00f3 ante el comit\u00e9 ejecutivo.<\/p>\n\n\n\n<p>El Acnur enfrenta este a\u00f1o un d\u00e9ficit de financiamiento de 650 millones de d\u00f3lares y las perspectivas para 2024 son \u201ca\u00fan m\u00e1s preocupantes\u201d, concluy\u00f3.<\/p>\n\n\n\n<p>(Informaci\u00f3n de Reuters en \u201cLa Jornada\u201d)<\/p>\n","protected":false},"excerpt":{"rendered":"<p>Redacci\u00f3n\/Zona Roja Cdmx. Ciudad de M\u00e9xico, a 10 de octubre de 2023.- El director del&hellip;<\/p>\n","protected":false},"author":2,"featured_media":60819,"comment_status":"closed","ping_status":"open","sticky":false,"template":"","format":"standard","meta":{"_lmt_disableupdate":"","_lmt_disable":"","_jetpack_memberships_contains_paid_content":false,"footnotes":""},"categories":[109,47],"tags":[],"class_list":["post-60818","post","type-post","status-publish","format-standard","has-post-thumbnail","hentry","category-minuto-a-minuto","category-zona-gris"],"jetpack_featured_media_url":"https:\/\/zonaroja.com.mx\/wp-content\/uploads\/2023\/10\/Refugiados-ACNUT.jpeg","jetpack_sharing_enabled":true,"_links":{"self":[{"href":"https:\/\/zonaroja.com.mx\/index.php?rest_route=\/wp\/v2\/posts\/60818","targetHints":{"allow":["GET"]}}],"collection":[{"href":"https:\/\/zonaroja.com.mx\/index.php?rest_route=\/wp\/v2\/posts"}],"about":[{"href":"https:\/\/zonaroja.com.mx\/index.php?rest_route=\/wp\/v2\/types\/post"}],"author":[{"embeddable":true,"href":"https:\/\/zonaroja.com.mx\/index.php?rest_route=\/wp\/v2\/users\/2"}],"replies":[{"embeddable":true,"href":"https:\/\/zonaroja.com.mx\/index.php?rest_route=%2Fwp%2Fv2%2Fcomments&post=60818"}],"version-history":[{"count":1,"href":"https:\/\/zonaroja.com.mx\/index.php?rest_route=\/wp\/v2\/posts\/60818\/revisions"}],"predecessor-version":[{"id":60820,"href":"https:\/\/zonaroja.com.mx\/index.php?rest_route=\/wp\/v2\/posts\/60818\/revisions\/60820"}],"wp:featuredmedia":[{"embeddable":true,"href":"https:\/\/zonaroja.com.mx\/index.php?rest_route=\/wp\/v2\/media\/60819"}],"wp:attachment":[{"href":"https:\/\/zonaroja.com.mx\/index.php?rest_route=%2Fwp%2Fv2%2Fmedia&parent=60818"}],"wp:term":[{"taxonomy":"category","embeddable":true,"href":"https:\/\/zonaroja.com.mx\/index.php?rest_route=%2Fwp%2Fv2%2Fcategories&post=60818"},{"taxonomy":"post_tag","embeddable":true,"href":"https:\/\/zonaroja.com.mx\/index.php?rest_route=%2Fwp%2Fv2%2Ftags&post=60818"}],"curies":[{"name":"wp","href":"https:\/\/api.w.org\/{rel}","templated":true}]}}