{"id":60823,"date":"2023-10-10T14:14:33","date_gmt":"2023-10-10T19:14:33","guid":{"rendered":"http:\/\/www.zonaroja.com.mx\/?p=60823"},"modified":"2023-10-10T15:54:07","modified_gmt":"2023-10-10T20:54:07","slug":"otra-del-ieepo-yolotepec-denuncia-incumplimiento-con-la-asignacion-de-maestros","status":"publish","type":"post","link":"https:\/\/zonaroja.com.mx\/?p=60823","title":{"rendered":"Otra del IEEPO: Yolotepec denuncia incumplimiento con la asignaci\u00f3n de maestros"},"content":{"rendered":"\n<p>Ismael Garc\u00eda M.\/Zona Roja. <\/p>\n\n\n\n<p>Oaxaca de Ju\u00e1rez, Oax., a 10 de octubre de 2022.- El Instituto Estatal de Educaci\u00f3n P\u00fablica de Oaxaca (IEEPO) fue acusado de nuevo por incumplimientos, ahora por parte de la agencia municipal de Santa Mar\u00eda Yolotepec.<\/p>\n\n\n\n<p>En un comunicado, la autoridad auxiliar que encabeza Agust\u00edn Urbano recrimin\u00f3 que a la fecha, la instituci\u00f3n que encabeza Emilio Montero P\u00e9rez no ha enviado a maestros tanto a la escuela primaria biling\u00fce como a la Telesecundaria.<\/p>\n\n\n\n<p>En la primaria \u201cSalvador D\u00edaz Mir\u00f3n\u201d se requieren cuatro profesores m\u00e1s, mientras que en la Telesecundaria con clave 20DTV0787Y inici\u00f3 con 105 alumnos y un solo docente.<\/p>\n\n\n\n<p>\u201cEl 22 de septiembre sostuvimos una reuni\u00f3n de trabajo con autoridades del IEEPO y se comprometieron a enviarnos maestros a nuestras escuelas y no han cumplido\u201d.<\/p>\n\n\n\n<p>Indicaron que la Telesecundaria requiere cinco docentes, un administrativo y un intendente.&nbsp;<\/p>\n\n\n\n<p>Las autoridades auxiliares advierten que en caso de no obtener respuestas favorables, los d\u00edas 12 y 13 de octubre bloquear\u00e1n la carretera federal 131 a la Costa, a la altura de El Vidrio, crucero vial hacia Santa Catarina Juquila.&nbsp;<\/p>\n\n\n\n<p>\u201cDe antemano una disculpa por las afectaciones, pero es la \u00fanica opci\u00f3n ante los o\u00eddos sordos de las autoridades educativas\u201d, expusieron en su comunicado.&nbsp;<\/p>\n\n\n\n<p><\/p>\n","protected":false},"excerpt":{"rendered":"<p>Ismael Garc\u00eda M.\/Zona Roja. Oaxaca de Ju\u00e1rez, Oax., a 10 de octubre de 2022.- El&hellip;<\/p>\n","protected":false},"author":2,"featured_media":60822,"comment_status":"closed","ping_status":"open","sticky":false,"template":"","format":"standard","meta":{"_lmt_disableupdate":"","_lmt_disable":"","_jetpack_memberships_contains_paid_content":false,"footnotes":""},"categories":[109,47],"tags":[],"class_list":["post-60823","post","type-post","status-publish","format-standard","has-post-thumbnail","hentry","category-minuto-a-minuto","category-zona-gris"],"jetpack_featured_media_url":"https:\/\/zonaroja.com.mx\/wp-content\/uploads\/2023\/10\/img_8403-1.jpg","jetpack_sharing_enabled":true,"_links":{"self":[{"href":"https:\/\/zonaroja.com.mx\/index.php?rest_route=\/wp\/v2\/posts\/60823","targetHints":{"allow":["GET"]}}],"collection":[{"href":"https:\/\/zonaroja.com.mx\/index.php?rest_route=\/wp\/v2\/posts"}],"about":[{"href":"https:\/\/zonaroja.com.mx\/index.php?rest_route=\/wp\/v2\/types\/post"}],"author":[{"embeddable":true,"href":"https:\/\/zonaroja.com.mx\/index.php?rest_route=\/wp\/v2\/users\/2"}],"replies":[{"embeddable":true,"href":"https:\/\/zonaroja.com.mx\/index.php?rest_route=%2Fwp%2Fv2%2Fcomments&post=60823"}],"version-history":[{"count":1,"href":"https:\/\/zonaroja.com.mx\/index.php?rest_route=\/wp\/v2\/posts\/60823\/revisions"}],"predecessor-version":[{"id":60824,"href":"https:\/\/zonaroja.com.mx\/index.php?rest_route=\/wp\/v2\/posts\/60823\/revisions\/60824"}],"wp:featuredmedia":[{"embeddable":true,"href":"https:\/\/zonaroja.com.mx\/index.php?rest_route=\/wp\/v2\/media\/60822"}],"wp:attachment":[{"href":"https:\/\/zonaroja.com.mx\/index.php?rest_route=%2Fwp%2Fv2%2Fmedia&parent=60823"}],"wp:term":[{"taxonomy":"category","embeddable":true,"href":"https:\/\/zonaroja.com.mx\/index.php?rest_route=%2Fwp%2Fv2%2Fcategories&post=60823"},{"taxonomy":"post_tag","embeddable":true,"href":"https:\/\/zonaroja.com.mx\/index.php?rest_route=%2Fwp%2Fv2%2Ftags&post=60823"}],"curies":[{"name":"wp","href":"https:\/\/api.w.org\/{rel}","templated":true}]}}