{"id":60832,"date":"2023-10-10T19:29:54","date_gmt":"2023-10-11T00:29:54","guid":{"rendered":"http:\/\/www.zonaroja.com.mx\/?p=60832"},"modified":"2023-10-10T19:29:56","modified_gmt":"2023-10-11T00:29:56","slug":"gobierno-de-santa-lucia-del-camino-incrementa-su-parque-vehicular","status":"publish","type":"post","link":"https:\/\/zonaroja.com.mx\/?p=60832","title":{"rendered":"Gobierno de Santa Luc\u00eda del Camino incrementa su parque vehicular"},"content":{"rendered":"\n<p>Redacci\u00f3n\/Zona Roja.<\/p>\n\n\n\n<p>Oaxaca de Ju\u00e1rez, Oax., a 10 de octubre de 2023.- El presidente municipal de Santa Luc\u00eda del Camino, Juan Carlos Garc\u00eda M\u00e1rquez, entreg\u00f3 hoy uniformes, tres motocicletas, camioneta a protecci\u00f3n civil y barredora vial a las Direcciones de Recolecci\u00f3n y Limpia, Conserjer\u00eda, Comercio, Agua Potable y Protecci\u00f3n Civil Municipal.<\/p>\n\n\n\n<p>Lo anterior, como parte de la dignificaci\u00f3n de servicios, en cuyo acto el edil morenista reconoci\u00f3 el compromiso de su personal que diariamente trabaja arduamente con amabilidad y honestidad.&nbsp;<\/p>\n\n\n\n<p>As\u00ed mismo, Garc\u00eda M\u00e1rquez apunt\u00f3 que seguir\u00e1 aumentado su parque vehicular para dar m\u00e1s y mejores servicios de calidad a las y los habitantes de Santa Luc\u00eda del Camino.&nbsp;<\/p>\n\n\n\n<p>La barredora vial, laborar\u00e1 en las avenidas principales para retirar basura y polvo; acci\u00f3n que ayudar\u00e1 a prevenir que se tapen nuestras alcantarillas. La camioneta de Protecci\u00f3n Civil, est\u00e1 equipada y balizada, ya que cuenta con torreta, sirena, rejillas para transportar herramientas y seguir\u00e1n brindando los servicios como hasta hoy.&nbsp;<\/p>\n\n\n\n<p>Tres motocicletas ser\u00e1n destinadas a la direcci\u00f3n de Comercio y Desarrollo Urbano, d\u00e1ndole identidad a su labor; el edil aclar\u00f3 a la ciudadan\u00eda que los tr\u00e1mites son personales y finalmente entreg\u00f3 uniformes con botas para las direcciones de Limpia y Agua Potable.<\/p>\n\n\n\n<p>\u201cSe preguntar\u00e1n porque ahora se compra equipo y se le invierte al municipio y les digo: no ha llegado ning\u00fan recurso extraordinario, es el recurso que llega a\u00f1o con a\u00f1o, pero que simplemente no se ocupaba para lo que estaba destinado; por ello, como dice nuestro lema: Trabajamos con honestidad para generar bienestar, as\u00ed lo hemos hecho y as\u00ed lo seguiremos haciendo\u201d, remarc\u00f3 el edil.<\/p>\n","protected":false},"excerpt":{"rendered":"<p>Redacci\u00f3n\/Zona Roja. Oaxaca de Ju\u00e1rez, Oax., a 10 de octubre de 2023.- El presidente municipal&hellip;<\/p>\n","protected":false},"author":2,"featured_media":60833,"comment_status":"closed","ping_status":"open","sticky":false,"template":"","format":"standard","meta":{"_lmt_disableupdate":"","_lmt_disable":"","_jetpack_memberships_contains_paid_content":false,"footnotes":""},"categories":[109,46],"tags":[337],"class_list":["post-60832","post","type-post","status-publish","format-standard","has-post-thumbnail","hentry","category-minuto-a-minuto","category-zona-blanca","tag-santa-lucia-del-camino"],"jetpack_featured_media_url":"https:\/\/zonaroja.com.mx\/wp-content\/uploads\/2023\/10\/Juan-Carlos-Garcia-Marquez-Santa-Lucia-del-Camino.jpeg","jetpack_sharing_enabled":true,"_links":{"self":[{"href":"https:\/\/zonaroja.com.mx\/index.php?rest_route=\/wp\/v2\/posts\/60832","targetHints":{"allow":["GET"]}}],"collection":[{"href":"https:\/\/zonaroja.com.mx\/index.php?rest_route=\/wp\/v2\/posts"}],"about":[{"href":"https:\/\/zonaroja.com.mx\/index.php?rest_route=\/wp\/v2\/types\/post"}],"author":[{"embeddable":true,"href":"https:\/\/zonaroja.com.mx\/index.php?rest_route=\/wp\/v2\/users\/2"}],"replies":[{"embeddable":true,"href":"https:\/\/zonaroja.com.mx\/index.php?rest_route=%2Fwp%2Fv2%2Fcomments&post=60832"}],"version-history":[{"count":1,"href":"https:\/\/zonaroja.com.mx\/index.php?rest_route=\/wp\/v2\/posts\/60832\/revisions"}],"predecessor-version":[{"id":60834,"href":"https:\/\/zonaroja.com.mx\/index.php?rest_route=\/wp\/v2\/posts\/60832\/revisions\/60834"}],"wp:featuredmedia":[{"embeddable":true,"href":"https:\/\/zonaroja.com.mx\/index.php?rest_route=\/wp\/v2\/media\/60833"}],"wp:attachment":[{"href":"https:\/\/zonaroja.com.mx\/index.php?rest_route=%2Fwp%2Fv2%2Fmedia&parent=60832"}],"wp:term":[{"taxonomy":"category","embeddable":true,"href":"https:\/\/zonaroja.com.mx\/index.php?rest_route=%2Fwp%2Fv2%2Fcategories&post=60832"},{"taxonomy":"post_tag","embeddable":true,"href":"https:\/\/zonaroja.com.mx\/index.php?rest_route=%2Fwp%2Fv2%2Ftags&post=60832"}],"curies":[{"name":"wp","href":"https:\/\/api.w.org\/{rel}","templated":true}]}}