{"id":60835,"date":"2023-10-10T19:35:24","date_gmt":"2023-10-11T00:35:24","guid":{"rendered":"http:\/\/www.zonaroja.com.mx\/?p=60835"},"modified":"2023-10-10T19:35:26","modified_gmt":"2023-10-11T00:35:26","slug":"dictan-vinculacion-a-proceso-y-prision-preventiva-a-homicida-de-wendy","status":"publish","type":"post","link":"https:\/\/zonaroja.com.mx\/?p=60835","title":{"rendered":"Dictan vinculaci\u00f3n a proceso y prisi\u00f3n preventiva a homicida de Wendy"},"content":{"rendered":"\n<p>Redacci\u00f3n\/Zona Roja.<\/p>\n\n\n\n<p>Oaxaca de Ju\u00e1rez, Oax., a 10 de octubre de 2023.- La Fiscal\u00eda General del Estado de Oaxaca (FGEO), obtuvo auto de vinculaci\u00f3n a proceso y prisi\u00f3n preventiva contra un hombre identificado por las iniciales A.J.M.E., se\u00f1alado como presunto homicida de una adolescente, en hechos ocurridos en Santo Domingo Tehuantepec el pasado 30 de septiembre de 2023.<\/p>\n\n\n\n<p>De acuerdo con el expediente, en la citada fecha, la adolescente W.G.G.H. (Wendy Guadalupe) acudi\u00f3 a una fiesta de 15 a\u00f1os que se celebr\u00f3 en la calle Cosijop\u00ed, Santa Mar\u00eda, Santo Domingo Tehuantepec, donde fue agredida con un arma blanca (picahielo), lesiones que provocaron que perdiera la vida.<\/p>\n\n\n\n<p>Ante ello, la Vicefiscal\u00eda Regional del Istmo tom\u00f3 conocimiento del caso, por lo que obtuvo la orden de aprehensi\u00f3n que fue ejecutada el 7 de octubre en una acci\u00f3n coordinada entre la Agencia Estatal de Investigaciones (AEI) y la Polic\u00eda Municipal de Salina Cruz.<\/p>\n\n\n\n<p>Luego de lo cual, la FGEO present\u00f3 las pruebas suficientes, que permitieron al Juez vincular a proceso al imputado y dictar prisi\u00f3n preventiva, estableciendo un periodo de tres meses para el cierre de la investigaci\u00f3n complementaria.<\/p>\n\n\n\n<p>Las labores efectuadas por la Fiscal\u00eda General del Estado de Oaxaca con perspectiva de g\u00e9nero, tiene la finalidad de procurar justicia para las v\u00edctimas directas e indirectas de delitos que lesionan a sectores de atenci\u00f3n prioritaria como son mujeres, ni\u00f1as y adolescentes, por lo cual se han puesto en marcha acciones para brindar servicios con eficiencia, calidad y celeridad.<\/p>\n","protected":false},"excerpt":{"rendered":"<p>Redacci\u00f3n\/Zona Roja. Oaxaca de Ju\u00e1rez, Oax., a 10 de octubre de 2023.- La Fiscal\u00eda General&hellip;<\/p>\n","protected":false},"author":2,"featured_media":60836,"comment_status":"closed","ping_status":"open","sticky":false,"template":"","format":"standard","meta":{"_lmt_disableupdate":"","_lmt_disable":"","_jetpack_memberships_contains_paid_content":false,"footnotes":""},"categories":[109,46],"tags":[494,3699],"class_list":["post-60835","post","type-post","status-publish","format-standard","has-post-thumbnail","hentry","category-minuto-a-minuto","category-zona-blanca","tag-fiscalia-general-del-estado-de-oaxaca","tag-wendy-guadalupe-g-h"],"jetpack_featured_media_url":"https:\/\/zonaroja.com.mx\/wp-content\/uploads\/2023\/10\/Presunto-homicida-de-Wendy-Guadalupe-Tehuantepec.jpg","jetpack_sharing_enabled":true,"_links":{"self":[{"href":"https:\/\/zonaroja.com.mx\/index.php?rest_route=\/wp\/v2\/posts\/60835","targetHints":{"allow":["GET"]}}],"collection":[{"href":"https:\/\/zonaroja.com.mx\/index.php?rest_route=\/wp\/v2\/posts"}],"about":[{"href":"https:\/\/zonaroja.com.mx\/index.php?rest_route=\/wp\/v2\/types\/post"}],"author":[{"embeddable":true,"href":"https:\/\/zonaroja.com.mx\/index.php?rest_route=\/wp\/v2\/users\/2"}],"replies":[{"embeddable":true,"href":"https:\/\/zonaroja.com.mx\/index.php?rest_route=%2Fwp%2Fv2%2Fcomments&post=60835"}],"version-history":[{"count":1,"href":"https:\/\/zonaroja.com.mx\/index.php?rest_route=\/wp\/v2\/posts\/60835\/revisions"}],"predecessor-version":[{"id":60837,"href":"https:\/\/zonaroja.com.mx\/index.php?rest_route=\/wp\/v2\/posts\/60835\/revisions\/60837"}],"wp:featuredmedia":[{"embeddable":true,"href":"https:\/\/zonaroja.com.mx\/index.php?rest_route=\/wp\/v2\/media\/60836"}],"wp:attachment":[{"href":"https:\/\/zonaroja.com.mx\/index.php?rest_route=%2Fwp%2Fv2%2Fmedia&parent=60835"}],"wp:term":[{"taxonomy":"category","embeddable":true,"href":"https:\/\/zonaroja.com.mx\/index.php?rest_route=%2Fwp%2Fv2%2Fcategories&post=60835"},{"taxonomy":"post_tag","embeddable":true,"href":"https:\/\/zonaroja.com.mx\/index.php?rest_route=%2Fwp%2Fv2%2Ftags&post=60835"}],"curies":[{"name":"wp","href":"https:\/\/api.w.org\/{rel}","templated":true}]}}