{"id":60840,"date":"2023-10-10T21:27:58","date_gmt":"2023-10-11T02:27:58","guid":{"rendered":"http:\/\/www.zonaroja.com.mx\/?p=60840"},"modified":"2023-10-10T21:28:00","modified_gmt":"2023-10-11T02:28:00","slug":"opinion-lucha-social-religion-del-sexenio","status":"publish","type":"post","link":"https:\/\/zonaroja.com.mx\/?p=60840","title":{"rendered":"Opini\u00f3n, Lucha social, religi\u00f3n del sexenio"},"content":{"rendered":"\n<p>N\u00e9stor Y. S\u00e1nchez Islas<\/p>\n\n\n\n<p>A la distancia,&nbsp;en Oaxaca como en M\u00e9xico, podemos ver con claridad las diferentes etapas en que ha sido gobernada nuestra tierra. A partir de la revoluci\u00f3n tuvimos una etapa de generales en el poder, vinieron despu\u00e9s los licenciados.&nbsp;<\/p>\n\n\n\n<p>Con Heladio Ram\u00edrez y Jos\u00e9 Murat tuvimos gobiernos porriles y entre Di\u00f3doro, Gabino, Alejandro Murat y Ulises Ruiz, gobiernos de juniors. Hoy nos inauguramos con un gobierno mesi\u00e1nico que eleva casi al rango de religi\u00f3n la lucha social a la que, dicen ellos, pertenecen.<\/p>\n\n\n\n<p>Entre generales y licenciados construyeron el&nbsp;Oaxaca actual, con muchos defectos y corrupci\u00f3n&nbsp;generalizada, pero&nbsp;se&nbsp;crearon instituciones con&nbsp;la intenci\u00f3n&nbsp;de alejara Oaxaca y&nbsp;al pa\u00eds de los caudillos para&nbsp;introducirnos en el camino de la democracia.&nbsp;<\/p>\n\n\n\n<p>Los santurrones de hoy, empezando por el presidente de la rep\u00fablica se est\u00e1n caracterizando por todo lo contrario, se han convertido en los demoledores de la incipiente democracia para&nbsp;tratar de llevarnos a&nbsp;un populismo autoritario. De los mesi\u00e1nicos&nbsp;locales&nbsp;no sabemos qu\u00e9&nbsp;esperar porque hasta el momento&nbsp;repiten a nivel local lo que se hace a nivel federal: debilitar o colonizar a las instituciones nacionales.&nbsp;<\/p>\n\n\n\n<p>El ataque al Instituto Electoral de Oaxaca, el intento de colonizar con militantes en lugar de acad\u00e9micos el UTVCO, la sumisi\u00f3n del poder legislativo y judicial&nbsp;o la designaci\u00f3n de personajes absolutamente ineptos para puestos de alta responsabilidad es lo que nos han dado en este primer a\u00f1o de gobierno.<\/p>\n\n\n\n<p>Al&nbsp;considerarse ellos mismos como luchadores sociales asumen un papel redentor&nbsp;que&nbsp;los&nbsp;pone&nbsp;fuera de la realidad de inmediato. Viven en un mundo, su mundo, diferente, est\u00e1n atrapados&nbsp;en lo \u201cque deber\u00eda ser\u201d y no lo que&nbsp;en realidad es.&nbsp;<\/p>\n\n\n\n<p>Esta clase de posturas so\u00f1adoras-idealistas se&nbsp;dicen ellos mismos-&nbsp;es correcta para un poeta&nbsp;o para un&nbsp;enamorado,&nbsp;pero no para un gobernante que tiene que enfrentar la realidad: violencia, drogas, migraci\u00f3n, crisis econ\u00f3mica, corrupci\u00f3n y muchos&nbsp;veces, con lo peor de la naturaleza humana&nbsp;expresada en los peores cr\u00edmenes que podemos imaginar.<\/p>\n\n\n\n<p>Nadie puede&nbsp;estar en desacuerdo con que habr\u00eda que terminar con la desigualdad y las injusticias.&nbsp;Ni tampoco en que todos tuvieran un vivienda decorosa, un trabajo bien pagado&nbsp;y acceso a la salud. Nadie puede ir en contra de la justicia social, y ah\u00ed est\u00e1 la trampa.&nbsp;<\/p>\n\n\n\n<p>Al asumirse&nbsp;como&nbsp;luchadores&nbsp;sociales&nbsp;se apropian de virtudes religiosas&nbsp;y de la raz\u00f3n&nbsp;que no les pertenecen, pero les otorgan&nbsp;legitimidad para hacer y deshacer en nombre de la justicia.<\/p>\n\n\n\n<p>El&nbsp;manejo oportunista del discurso&nbsp;crea una realidad que mucha gente terminar\u00e1 por creer, lo que es ventajosamente aprovechado para introducir&nbsp;sesgos ideol\u00f3gicos a su favor, como el hecho de equiparar su etapa en el gobierno a una mesi\u00e1nica cuarta transformaci\u00f3n&nbsp;despu\u00e9s de&nbsp;asumir&nbsp;que&nbsp;ellos&nbsp;son&nbsp;los herederos leg\u00edtimos de la Independencia, la Reforma y la Revoluci\u00f3n;&nbsp;de Hidalgo, Madero y C\u00e1rdenas&nbsp;cuando en realidad apenas si son una copia distorsionada de Luis Echeverr\u00eda.<\/p>\n\n\n\n<p>El pasado 2 de octubre public\u00f3 el gobernador Jara en sus redes sociales&nbsp;un mensaje que incluye cuatro fotograf\u00edas.&nbsp;<\/p>\n\n\n\n<p>El mensaje dice \u201cEn el marco del 2 de octubre&nbsp;y como reconocimiento a la gran lucha que han realizado compa\u00f1eras y compa\u00f1eros que provenimos de la lucha social, hoy con orgullo inauguramos el Sal\u00f3n Regeneraci\u00f3n en Palacio de Gobierno, para honrar la memoria de quienes perdieron&nbsp;la vida con el sue\u00f1o de tener un gobierno bueno y del pueblo\u201d. Enseguida las&nbsp;fotos&nbsp;del evento en&nbsp;el&nbsp;que participa Flavio Sosa&nbsp;y de un muro tapizado con peque\u00f1as fotograf\u00edas o dibujos de quienes ellos consideran sus antecesores en la&nbsp;ahora casi religiosa lucha social.<\/p>\n\n\n\n<p>El simbolismo es evidente.&nbsp;Ellos son los herederos leg\u00edtimos de la lucha social, no hay m\u00e1s.&nbsp;Su interpretaci\u00f3n de los hechos hist\u00f3ricos es la correcta, por lo tanto, ellos no solo est\u00e1n en lo&nbsp;correcto,&nbsp;sino que ellos mismos son lo correcto, son el gobierno bueno del pueblo, por tanto, sus valores deben ser los nuestros&nbsp;y debemos comulgar con su pensamiento so pena de ser declarados&nbsp;conservadores.<\/p>\n\n\n\n<p>El simbolismo, el discurso&nbsp;y la ponderaci\u00f3n de la lucha social tienen un fin ya conocido por la ciencia pol\u00edtica que es el control&nbsp;de la comunidad y la exclusi\u00f3n de quienes no se sometan.&nbsp;<\/p>\n\n\n\n<p>No les importa si funciona o no,&nbsp;lo importante es&nbsp;la ilusi\u00f3n que crean y la esperanza permanente que ofrecen&nbsp;porque la gente est\u00e1 \u00e1vida de encontrar significados&nbsp;y de entender al mundo. Por eso la herramienta proporcionada es una narrativa&nbsp;manipuladora.<\/p>\n\n\n\n<p>Ya tenemos un&nbsp;nuevo&nbsp;Papa en su palacio en&nbsp;Cdmx, ahora&nbsp;veremos&nbsp;la proliferaci\u00f3n de cardenales, obispos y arzobispos de la nueva religi\u00f3n&nbsp;que se apoderan de todo el pa\u00eds. Nos dan una nueva liturgia, en palacio han puesto un nuevo altar, su superioridad moral es incuestionable&nbsp;y sus palabras ser\u00e1n dogma de fe&nbsp;este sexenio.<\/p>\n\n\n\n<p>No hay religi\u00f3n sin diezmo ni pastor que no lo&nbsp;exija y&nbsp;lo&nbsp;cobre.&nbsp;Ese es el fin.<\/p>\n\n\n\n<p>nestoryuri@yahoo.com<\/p>\n","protected":false},"excerpt":{"rendered":"<p>N\u00e9stor Y. S\u00e1nchez Islas A la distancia,&nbsp;en Oaxaca como en M\u00e9xico, podemos ver con claridad&hellip;<\/p>\n","protected":false},"author":2,"featured_media":41861,"comment_status":"closed","ping_status":"open","sticky":false,"template":"","format":"standard","meta":{"_lmt_disableupdate":"","_lmt_disable":"","_jetpack_memberships_contains_paid_content":false,"footnotes":""},"categories":[456,109],"tags":[3050],"class_list":["post-60840","post","type-post","status-publish","format-standard","has-post-thumbnail","hentry","category-columna","category-minuto-a-minuto","tag-nestor-yuri-sanchez"],"jetpack_featured_media_url":"https:\/\/zonaroja.com.mx\/wp-content\/uploads\/2022\/05\/Opinion-Nestor-Yuri-Sanchez-Islas.jpg","jetpack_sharing_enabled":true,"_links":{"self":[{"href":"https:\/\/zonaroja.com.mx\/index.php?rest_route=\/wp\/v2\/posts\/60840","targetHints":{"allow":["GET"]}}],"collection":[{"href":"https:\/\/zonaroja.com.mx\/index.php?rest_route=\/wp\/v2\/posts"}],"about":[{"href":"https:\/\/zonaroja.com.mx\/index.php?rest_route=\/wp\/v2\/types\/post"}],"author":[{"embeddable":true,"href":"https:\/\/zonaroja.com.mx\/index.php?rest_route=\/wp\/v2\/users\/2"}],"replies":[{"embeddable":true,"href":"https:\/\/zonaroja.com.mx\/index.php?rest_route=%2Fwp%2Fv2%2Fcomments&post=60840"}],"version-history":[{"count":1,"href":"https:\/\/zonaroja.com.mx\/index.php?rest_route=\/wp\/v2\/posts\/60840\/revisions"}],"predecessor-version":[{"id":60841,"href":"https:\/\/zonaroja.com.mx\/index.php?rest_route=\/wp\/v2\/posts\/60840\/revisions\/60841"}],"wp:featuredmedia":[{"embeddable":true,"href":"https:\/\/zonaroja.com.mx\/index.php?rest_route=\/wp\/v2\/media\/41861"}],"wp:attachment":[{"href":"https:\/\/zonaroja.com.mx\/index.php?rest_route=%2Fwp%2Fv2%2Fmedia&parent=60840"}],"wp:term":[{"taxonomy":"category","embeddable":true,"href":"https:\/\/zonaroja.com.mx\/index.php?rest_route=%2Fwp%2Fv2%2Fcategories&post=60840"},{"taxonomy":"post_tag","embeddable":true,"href":"https:\/\/zonaroja.com.mx\/index.php?rest_route=%2Fwp%2Fv2%2Ftags&post=60840"}],"curies":[{"name":"wp","href":"https:\/\/api.w.org\/{rel}","templated":true}]}}