{"id":60844,"date":"2023-10-11T07:56:13","date_gmt":"2023-10-11T12:56:13","guid":{"rendered":"http:\/\/www.zonaroja.com.mx\/?p=60844"},"modified":"2023-10-11T07:56:15","modified_gmt":"2023-10-11T12:56:15","slug":"intensas-lluvias-dejan-danos-materiales-y-muertos-en-jalisco-y-guerrero","status":"publish","type":"post","link":"https:\/\/zonaroja.com.mx\/?p=60844","title":{"rendered":"Intensas lluvias dejan da\u00f1os materiales y muertos en Jalisco y Guerrero"},"content":{"rendered":"\n<p>Redacci\u00f3n\/Zona Roja Cdmx.<\/p>\n\n\n\n<p>Ciudad de M\u00e9xico, a 11 de octubre de 2023.- Tres personas fallecidas y cuantiosos da\u00f1os materiales dejaron la tormenta \u201cMax\u201d y el hurac\u00e1n \u201cLidia\u201d, a su paso por Guerrero y por Nayarit, respectivamente.<\/p>\n\n\n\n<p>Ayer por la tarde, \u201cLidia\u201d lleg\u00f3 a M\u00e9xico como hurac\u00e1n categor\u00eda 4, se debilit\u00f3 r\u00e1pidamente en tierra de Nayarit y se degrad\u00f3 primero a tormenta tropical y luego a baja presi\u00f3n remanente.<\/p>\n\n\n\n<p>La Comisi\u00f3n Nacional del Agua (Conagua) inform\u00f3 en los primeros minutos de este mi\u00e9rcoles que \u201cLidia\u201d sigui\u00f3 debilit\u00e1ndose r\u00e1pidamente en tierra hasta convertirse en &nbsp;tormenta tropical.<\/p>\n\n\n\n<p>Sin embargo, previ\u00f3 que seguir\u00e1 provocando lluvias extraordinarias en Nayarit, Jalisco y Colima, as\u00ed como torrenciales en Michoac\u00e1n y Guerrero.<\/p>\n\n\n\n<p>Autoridades de Nayarit reportaron la noche del martes el fallecimiento de una persona a causa del hurac\u00e1n Lidia.<\/p>\n\n\n\n<p>El secretario de Seguridad y Protecci\u00f3n Ciudadana de la entidad, Benito Rodr\u00edguez Mart\u00ednez, inform\u00f3 del fallecimiento de una persona a quien le cay\u00f3 un \u00e1rbol debido a los fuertes vientos mientras manejaba su veh\u00edculo en el kil\u00f3metro 13 de Punta de Mita, Bah\u00eda de Banderas.<\/p>\n\n\n\n<p>EN GUERRERO<\/p>\n\n\n\n<p>En tanto, a su paso por Guerrero, la tormenta \u201cMax\u201d ha dejado un saldo de dos personas muertas, una persona lesionada y tres rescatadas, as\u00ed como cinco cortes carreteros, la ca\u00edda de 78 \u00e1rboles, la inundaci\u00f3n de unas 100 viviendas, y caus\u00f3 da\u00f1o estructural en un puente.<\/p>\n\n\n\n<p>De acuerdo al \u00faltimo reporte de la Secretar\u00eda de Gesti\u00f3n Integral de Riesgo y Protecci\u00f3n Civil, los da\u00f1os por la tormenta Max se concentraron en los municipios de Acapulco, Ometepec, Coyuca de Ben\u00edtez, Atoyac, Tecpan, Zihuatanejo, Azoy\u00fa, Xochistlahuaca, Petatl\u00e1n, Benito Ju\u00e1rez, Chilpancingo, Juan R. Escudero, Tlapa, Acatepec y Huamuxtitl\u00e1n.<\/p>\n\n\n\n<p>El reporte se\u00f1ala que dos personas perdieron la vida en Tecpan de Galeana, Feliciano Cruz Mayorazgo en Nuxco, quien perdi\u00f3 la vida por asfixia por sumersi\u00f3n tras ser arrastrado por la creciente del r\u00edo del poblado.<\/p>\n\n\n\n<p>Mientras que Jaime \u201cN\u201d, muri\u00f3 al caer de una camioneta Urvan del servicio p\u00fablico que cubre la ruta San Luis-Tecpan, en el corte de la carretera federal Acapulco-Zihuatanejo o socav\u00f3n que el d\u00eda de ayer se abri\u00f3 por la fuerza del arroyo que baj\u00f3 de la parte alta del cerro.<\/p>\n\n\n\n<p>Tambi\u00e9n se reporta como lesionado un menor de edad en la comunidad de La Barranca en Tecpan, al caer de un \u00e1rbol de parota a donde se subi\u00f3 por temor de que fuera arrastrado por el agua que corri\u00f3 en grandes cantidades en esa localidad.<\/p>\n\n\n\n<p>(Informaci\u00f3n de \u201cProceso\u201d y \u201cEl Financiero\u201d)<\/p>\n","protected":false},"excerpt":{"rendered":"<p>Redacci\u00f3n\/Zona Roja Cdmx. Ciudad de M\u00e9xico, a 11 de octubre de 2023.- Tres personas fallecidas&hellip;<\/p>\n","protected":false},"author":2,"featured_media":60845,"comment_status":"closed","ping_status":"open","sticky":false,"template":"","format":"standard","meta":{"_lmt_disableupdate":"","_lmt_disable":"","_jetpack_memberships_contains_paid_content":false,"footnotes":""},"categories":[109,47],"tags":[],"class_list":["post-60844","post","type-post","status-publish","format-standard","has-post-thumbnail","hentry","category-minuto-a-minuto","category-zona-gris"],"jetpack_featured_media_url":"https:\/\/zonaroja.com.mx\/wp-content\/uploads\/2023\/10\/Danos-huracan-Lidia-Nayarit.jpeg","jetpack_sharing_enabled":true,"_links":{"self":[{"href":"https:\/\/zonaroja.com.mx\/index.php?rest_route=\/wp\/v2\/posts\/60844","targetHints":{"allow":["GET"]}}],"collection":[{"href":"https:\/\/zonaroja.com.mx\/index.php?rest_route=\/wp\/v2\/posts"}],"about":[{"href":"https:\/\/zonaroja.com.mx\/index.php?rest_route=\/wp\/v2\/types\/post"}],"author":[{"embeddable":true,"href":"https:\/\/zonaroja.com.mx\/index.php?rest_route=\/wp\/v2\/users\/2"}],"replies":[{"embeddable":true,"href":"https:\/\/zonaroja.com.mx\/index.php?rest_route=%2Fwp%2Fv2%2Fcomments&post=60844"}],"version-history":[{"count":1,"href":"https:\/\/zonaroja.com.mx\/index.php?rest_route=\/wp\/v2\/posts\/60844\/revisions"}],"predecessor-version":[{"id":60846,"href":"https:\/\/zonaroja.com.mx\/index.php?rest_route=\/wp\/v2\/posts\/60844\/revisions\/60846"}],"wp:featuredmedia":[{"embeddable":true,"href":"https:\/\/zonaroja.com.mx\/index.php?rest_route=\/wp\/v2\/media\/60845"}],"wp:attachment":[{"href":"https:\/\/zonaroja.com.mx\/index.php?rest_route=%2Fwp%2Fv2%2Fmedia&parent=60844"}],"wp:term":[{"taxonomy":"category","embeddable":true,"href":"https:\/\/zonaroja.com.mx\/index.php?rest_route=%2Fwp%2Fv2%2Fcategories&post=60844"},{"taxonomy":"post_tag","embeddable":true,"href":"https:\/\/zonaroja.com.mx\/index.php?rest_route=%2Fwp%2Fv2%2Ftags&post=60844"}],"curies":[{"name":"wp","href":"https:\/\/api.w.org\/{rel}","templated":true}]}}