{"id":60847,"date":"2023-10-11T09:30:00","date_gmt":"2023-10-11T14:30:00","guid":{"rendered":"http:\/\/www.zonaroja.com.mx\/?p=60847"},"modified":"2023-10-11T08:15:14","modified_gmt":"2023-10-11T13:15:14","slug":"registra-juchitan-6-crimenes-en-una-semana-ayer-un-encobijado","status":"publish","type":"post","link":"https:\/\/zonaroja.com.mx\/?p=60847","title":{"rendered":"Registra Juchit\u00e1n 6 cr\u00edmenes en una semana; ayer un \u201cencobijado\u201d"},"content":{"rendered":"\n<p>Ismael Garc\u00eda M.\/Zona Roja. Foto: Cortes\u00eda<\/p>\n\n\n\n<p>Oaxaca de Ju\u00e1rez, Oax., a 11 de octubre de 2023.- La ola criminal crece en el municipio Juchit\u00e1n de Zaragoza y en una semana, al menos seis personas han sido asesinadas por disparos de arma de fuego.<\/p>\n\n\n\n<p>El caso m\u00e1s reciente ocurri\u00f3 anoche en que fue localizado el cuerpo de una persona sin vida, envuelta en cobijas y tirada en un camino de terracer\u00eda de la Novena Secci\u00f3n.<\/p>\n\n\n\n<p>Fueron ciudadanos quienes dieron aviso a las corporaciones policiacas, que acudieron al paraje \u201cLa Burra\u201d, en inmediaciones de la colonia Las Palmas, donde localizaron el cuerpo sin vida, presuntamente con impactos de arma de fuego.<\/p>\n\n\n\n<p>Personal de la Vicefiscal\u00eda Regional del Istmo inici\u00f3 las indagatorias correspondientes con la finalidad de esclarecer el asesinato.<\/p>\n\n\n\n<p>Apenas en pasado domingo 8 de octubre fue ultimada a balazos una persona en la Quinta Secci\u00f3n de Juchit\u00e1n; otra m\u00e1s el s\u00e1bado y dos mas el viernes, una de ellas que muri\u00f3 tras ser atacado a balazos d\u00edas atr\u00e1s; otro crimen ocurri\u00f3 el mi\u00e9rcoles 4 de octubre.<\/p>\n\n\n\n<p>Pese a la ola criminal, el presidente municipal Miguel S\u00e1nchez Altamirano, del Partido Morena, no ha implementado acciones de seguridad y a excusado que es deber de las autoridades federales y estatales la seguridad del municipio.<\/p>\n","protected":false},"excerpt":{"rendered":"<p>Ismael Garc\u00eda M.\/Zona Roja. Foto: Cortes\u00eda Oaxaca de Ju\u00e1rez, Oax., a 11 de octubre de&hellip;<\/p>\n","protected":false},"author":2,"featured_media":60848,"comment_status":"closed","ping_status":"open","sticky":false,"template":"","format":"standard","meta":{"_lmt_disableupdate":"","_lmt_disable":"","_jetpack_memberships_contains_paid_content":false,"footnotes":""},"categories":[109,51],"tags":[123],"class_list":["post-60847","post","type-post","status-publish","format-standard","has-post-thumbnail","hentry","category-minuto-a-minuto","category-zona-roja","tag-juchitan-de-zaragoza"],"jetpack_featured_media_url":"https:\/\/zonaroja.com.mx\/wp-content\/uploads\/2023\/10\/Encobijado-Juchitan.jpeg","jetpack_sharing_enabled":true,"_links":{"self":[{"href":"https:\/\/zonaroja.com.mx\/index.php?rest_route=\/wp\/v2\/posts\/60847","targetHints":{"allow":["GET"]}}],"collection":[{"href":"https:\/\/zonaroja.com.mx\/index.php?rest_route=\/wp\/v2\/posts"}],"about":[{"href":"https:\/\/zonaroja.com.mx\/index.php?rest_route=\/wp\/v2\/types\/post"}],"author":[{"embeddable":true,"href":"https:\/\/zonaroja.com.mx\/index.php?rest_route=\/wp\/v2\/users\/2"}],"replies":[{"embeddable":true,"href":"https:\/\/zonaroja.com.mx\/index.php?rest_route=%2Fwp%2Fv2%2Fcomments&post=60847"}],"version-history":[{"count":1,"href":"https:\/\/zonaroja.com.mx\/index.php?rest_route=\/wp\/v2\/posts\/60847\/revisions"}],"predecessor-version":[{"id":60849,"href":"https:\/\/zonaroja.com.mx\/index.php?rest_route=\/wp\/v2\/posts\/60847\/revisions\/60849"}],"wp:featuredmedia":[{"embeddable":true,"href":"https:\/\/zonaroja.com.mx\/index.php?rest_route=\/wp\/v2\/media\/60848"}],"wp:attachment":[{"href":"https:\/\/zonaroja.com.mx\/index.php?rest_route=%2Fwp%2Fv2%2Fmedia&parent=60847"}],"wp:term":[{"taxonomy":"category","embeddable":true,"href":"https:\/\/zonaroja.com.mx\/index.php?rest_route=%2Fwp%2Fv2%2Fcategories&post=60847"},{"taxonomy":"post_tag","embeddable":true,"href":"https:\/\/zonaroja.com.mx\/index.php?rest_route=%2Fwp%2Fv2%2Ftags&post=60847"}],"curies":[{"name":"wp","href":"https:\/\/api.w.org\/{rel}","templated":true}]}}