{"id":60853,"date":"2023-10-11T11:27:00","date_gmt":"2023-10-11T16:27:00","guid":{"rendered":"http:\/\/www.zonaroja.com.mx\/?p=60853"},"modified":"2023-10-11T08:32:58","modified_gmt":"2023-10-11T13:32:58","slug":"suman-mas-de-1200-israelies-muertos-por-ataque-de-hamas","status":"publish","type":"post","link":"https:\/\/zonaroja.com.mx\/?p=60853","title":{"rendered":"Suman m\u00e1s de 1,200 israel\u00edes muertos por ataque de Ham\u00e1s"},"content":{"rendered":"\n<p>Redacci\u00f3n\/Zona Roja Cdmx.<\/p>\n\n\n\n<p>Ciudad de M\u00e9xico, a 11 de octubre de 2023.- El n\u00famero de muertos en Israel por el ataque del grupo terrorista Hamas ascendi\u00f3 a m\u00e1s de 1.200 este mi\u00e9rcoles, mientras que los heridos superaron los 2.900, seg\u00fan los servicios de emergencias m\u00e9dicas.<\/p>\n\n\n\n<p>La incursi\u00f3n de Ham\u00e1s, que lanz\u00f3 cientos de cohetes desde la Franja de Gaza hacia varias ciudades israel\u00edes, desencaden\u00f3 una respuesta militar de Israel, que ha bombardeado m\u00e1s de 270 objetivos en el enclave costero controlado por el grupo terrorista.<\/p>\n\n\n\n<p>En paralelo, la Marina israel\u00ed, la Fuerza A\u00e9rea y cuerpos de artiller\u00eda atacaron objetivos navales de Ham\u00e1s que seg\u00fan un portavoz militar \u201ceran usados para llevar a cabo ataques terroristas en las cosas israel\u00edes\u201d.<\/p>\n\n\n\n<p>Israel tambi\u00e9n denunci\u00f3 que m\u00e1s de 100 personas han sido secuestradas por Hamas y llevadas a Gaza como rehenes.<\/p>\n\n\n\n<p>El ej\u00e9rcito indic\u00f3 tambi\u00e9n que hab\u00eda hallado los cuerpos de 1.500 combatientes de Ham\u00e1s.<\/p>\n\n\n\n<p>El ataque terrorista entra este mi\u00e9rcoles en su quinto d\u00eda, en el que se ha registrado un \u00fanico lanzamiento de cohetes desde Gaza hacia Israel. Este martes, se produjo el primer ataque desde Siria hacia territorio israel\u00ed desde el inicio del conflicto, y se suma a una serie de intercambios de fuego en la frontera entre Israel y el L\u00edbano desde el domingo.<\/p>\n\n\n\n<p>Israel anunci\u00f3 el martes que retom\u00f3 zonas en torno a la Franja de Gaza y sigui\u00f3 bombardeando el enclave, contra el cual declar\u00f3 un asedio total.<\/p>\n\n\n\n<p>\u201cEstamos ya en medio de la campa\u00f1a, pero esto s\u00f3lo es el principio, ganaremos con la fuerza, con mucha fuerza\u201d, advirti\u00f3 el primer ministro israel\u00ed, Benjamin Netanyahu.<\/p>\n\n\n\n<p>Las fuerzas de seguridad \u201chan retomado m\u00e1s o menos el control de la frontera\u201d con Gaza pero \u201clas infiltraciones pueden seguir\u201d, declar\u00f3 el portavoz militar Richard Hecht.<\/p>\n\n\n\n<p>\u201cASEDIO TOTAL\u201d<\/p>\n\n\n\n<p>Israel impuso el lunes un \u201casedio total\u201d de la Franja de Gaza, para que no llegue \u201cni electricidad, ni comida, ni agua, ni gas\u201d, en palabras de su ministro de Defensa.<\/p>\n\n\n\n<p>Orden\u00f3 adem\u00e1s a sus ciudadanos evacuar todas las localidades en torno a Gaza, haciendo temer una inminente ofensiva terrestre contra ese exiguo territorio de 360 kil\u00f3metros cuadrados donde viven 2,3 millones de palestinos.<\/p>\n\n\n\n<p>Ham\u00c1s amenaz\u00f3 el lunes con ejecutar a los cerca de 150 rehenes que secuestr\u00f3 durante su incursi\u00f3n en Israel, entre quienes hay mujeres, ni\u00f1os y ancianos as\u00ed como j\u00f3venes capturados durante un festival de m\u00fasica, donde mataron a unas 250 personas.<\/p>\n\n\n\n<p>(Informaci\u00f3n de las agencias EFE y AFP en Infobae)<\/p>\n","protected":false},"excerpt":{"rendered":"<p>Redacci\u00f3n\/Zona Roja Cdmx. Ciudad de M\u00e9xico, a 11 de octubre de 2023.- El n\u00famero de&hellip;<\/p>\n","protected":false},"author":2,"featured_media":60854,"comment_status":"closed","ping_status":"open","sticky":false,"template":"","format":"standard","meta":{"_lmt_disableupdate":"","_lmt_disable":"","_jetpack_memberships_contains_paid_content":false,"footnotes":""},"categories":[109,47],"tags":[2668],"class_list":["post-60853","post","type-post","status-publish","format-standard","has-post-thumbnail","hentry","category-minuto-a-minuto","category-zona-gris","tag-conflicto-gaza-israel"],"jetpack_featured_media_url":"https:\/\/zonaroja.com.mx\/wp-content\/uploads\/2023\/10\/Guerra-Israel-Hamas.webp","jetpack_sharing_enabled":true,"_links":{"self":[{"href":"https:\/\/zonaroja.com.mx\/index.php?rest_route=\/wp\/v2\/posts\/60853","targetHints":{"allow":["GET"]}}],"collection":[{"href":"https:\/\/zonaroja.com.mx\/index.php?rest_route=\/wp\/v2\/posts"}],"about":[{"href":"https:\/\/zonaroja.com.mx\/index.php?rest_route=\/wp\/v2\/types\/post"}],"author":[{"embeddable":true,"href":"https:\/\/zonaroja.com.mx\/index.php?rest_route=\/wp\/v2\/users\/2"}],"replies":[{"embeddable":true,"href":"https:\/\/zonaroja.com.mx\/index.php?rest_route=%2Fwp%2Fv2%2Fcomments&post=60853"}],"version-history":[{"count":1,"href":"https:\/\/zonaroja.com.mx\/index.php?rest_route=\/wp\/v2\/posts\/60853\/revisions"}],"predecessor-version":[{"id":60855,"href":"https:\/\/zonaroja.com.mx\/index.php?rest_route=\/wp\/v2\/posts\/60853\/revisions\/60855"}],"wp:featuredmedia":[{"embeddable":true,"href":"https:\/\/zonaroja.com.mx\/index.php?rest_route=\/wp\/v2\/media\/60854"}],"wp:attachment":[{"href":"https:\/\/zonaroja.com.mx\/index.php?rest_route=%2Fwp%2Fv2%2Fmedia&parent=60853"}],"wp:term":[{"taxonomy":"category","embeddable":true,"href":"https:\/\/zonaroja.com.mx\/index.php?rest_route=%2Fwp%2Fv2%2Fcategories&post=60853"},{"taxonomy":"post_tag","embeddable":true,"href":"https:\/\/zonaroja.com.mx\/index.php?rest_route=%2Fwp%2Fv2%2Ftags&post=60853"}],"curies":[{"name":"wp","href":"https:\/\/api.w.org\/{rel}","templated":true}]}}