{"id":60862,"date":"2023-10-11T20:08:00","date_gmt":"2023-10-12T01:08:00","guid":{"rendered":"http:\/\/www.zonaroja.com.mx\/?p=60862"},"modified":"2023-10-11T19:10:12","modified_gmt":"2023-10-12T00:10:12","slug":"nadie-quiere-comprar-campo-de-golf-de-huatulco-amlo-lo-convertira-en-reserva","status":"publish","type":"post","link":"https:\/\/zonaroja.com.mx\/?p=60862","title":{"rendered":"Nadie quiere comprar campo de Golf de Huatulco; AMLO lo convertir\u00e1 en reserva"},"content":{"rendered":"\n<p>Redacci\u00f3n\/Zona Roja Cdmx.<\/p>\n\n\n\n<p>Ciudad de M\u00e9xico, a 11 de octubre de 2023.- El presidente L\u00f3pez Obrador adelant\u00f3 en la ma\u00f1anera de este martes que declarar\u00e1 como \u00c1rea Natural Protegida&nbsp;un campo de golf ubicado en Huatulco, Oaxaca, que fue concesionado a un privado.&nbsp;<\/p>\n\n\n\n<p>En Palacio Nacional, el mandatario federal no dio mayores detalles sobre dicha unidad deportiva. Sin embargo, el 8 de agosto del 2022, L\u00f3pez Obrador confirm\u00f3 que estaba por vencer el convenio del gobierno federal sobre un campo de golf en Huatulco, que otorgaba su concesi\u00f3n a Grupo Salinas, del empresario Ricardo Salinas Pliego.<\/p>\n\n\n\n<p>Ayer, el tabasque\u00f1o revel\u00f3 que le ofrecieron al concesionario que comprara el campo de golf, pero no hubo acuerdo.&nbsp;\u201cEstamos por convertir en \u00e1rea natural protegida, un campo de golf en Huatulco que quisimos vender a quien lo tiene desde hace alg\u00fan tiempo, pagando una renta. No es suficiente la renta, no es buen&nbsp;negocio p\u00fablico&nbsp;y est\u00e1 en medio de dos \u00e1reas naturales protegidas y con una playa p\u00fablica.<\/p>\n\n\n\n<p>\u201cEntonces, quisimos que la empresa que tiene el campo de gol se quedara con \u00e9l. Se hizo un aval\u00fao p\u00fablico, vale como 500 o&nbsp;600 millones de pesos, quer\u00edamos que ese dinero se utilizara, entre otros cosas, para hacer los uniformes escolares a los ni\u00f1os de Oaxaca. Sin embargo, no se lleg\u00f3 a un acuerdo, decidieron que no les conven\u00eda\u201d, dijo.<\/p>\n\n\n\n<p>Por ello, L\u00f3pez Obrador dijo que van a convertir ese campo en reserva natural protegida, para unir los dos pol\u00edgonos que ya son \u00e1rea natural protegida. Cabe se\u00f1alar que el 5 de octubre pasado, en la ma\u00f1anera en Palacio Nacional se inform\u00f3 que el presidente emitir\u00e1 antes de diciembre pr\u00f3ximo 22 decretos m\u00e1s, para dejar en su sexenio 43 \u00e1reas naturales protegidas.<\/p>\n\n\n\n<p>(Informaci\u00f3n de \u201cEl Heraldo de M\u00e9xico\u201d)<\/p>\n","protected":false},"excerpt":{"rendered":"<p>Redacci\u00f3n\/Zona Roja Cdmx. Ciudad de M\u00e9xico, a 11 de octubre de 2023.- El presidente L\u00f3pez&hellip;<\/p>\n","protected":false},"author":2,"featured_media":60863,"comment_status":"closed","ping_status":"open","sticky":false,"template":"","format":"standard","meta":{"_lmt_disableupdate":"","_lmt_disable":"","_jetpack_memberships_contains_paid_content":false,"footnotes":""},"categories":[109,46],"tags":[143],"class_list":["post-60862","post","type-post","status-publish","format-standard","has-post-thumbnail","hentry","category-minuto-a-minuto","category-zona-blanca","tag-andres-manuel-lopez-obrador"],"jetpack_featured_media_url":"https:\/\/zonaroja.com.mx\/wp-content\/uploads\/2023\/10\/Campo-de-golf-Huatulco.jpeg","jetpack_sharing_enabled":true,"_links":{"self":[{"href":"https:\/\/zonaroja.com.mx\/index.php?rest_route=\/wp\/v2\/posts\/60862","targetHints":{"allow":["GET"]}}],"collection":[{"href":"https:\/\/zonaroja.com.mx\/index.php?rest_route=\/wp\/v2\/posts"}],"about":[{"href":"https:\/\/zonaroja.com.mx\/index.php?rest_route=\/wp\/v2\/types\/post"}],"author":[{"embeddable":true,"href":"https:\/\/zonaroja.com.mx\/index.php?rest_route=\/wp\/v2\/users\/2"}],"replies":[{"embeddable":true,"href":"https:\/\/zonaroja.com.mx\/index.php?rest_route=%2Fwp%2Fv2%2Fcomments&post=60862"}],"version-history":[{"count":1,"href":"https:\/\/zonaroja.com.mx\/index.php?rest_route=\/wp\/v2\/posts\/60862\/revisions"}],"predecessor-version":[{"id":60864,"href":"https:\/\/zonaroja.com.mx\/index.php?rest_route=\/wp\/v2\/posts\/60862\/revisions\/60864"}],"wp:featuredmedia":[{"embeddable":true,"href":"https:\/\/zonaroja.com.mx\/index.php?rest_route=\/wp\/v2\/media\/60863"}],"wp:attachment":[{"href":"https:\/\/zonaroja.com.mx\/index.php?rest_route=%2Fwp%2Fv2%2Fmedia&parent=60862"}],"wp:term":[{"taxonomy":"category","embeddable":true,"href":"https:\/\/zonaroja.com.mx\/index.php?rest_route=%2Fwp%2Fv2%2Fcategories&post=60862"},{"taxonomy":"post_tag","embeddable":true,"href":"https:\/\/zonaroja.com.mx\/index.php?rest_route=%2Fwp%2Fv2%2Ftags&post=60862"}],"curies":[{"name":"wp","href":"https:\/\/api.w.org\/{rel}","templated":true}]}}