{"id":60867,"date":"2023-10-11T19:05:06","date_gmt":"2023-10-12T00:05:06","guid":{"rendered":"http:\/\/www.zonaroja.com.mx\/?p=60867"},"modified":"2023-10-11T19:05:09","modified_gmt":"2023-10-12T00:05:09","slug":"ambientalistas-defienden-de-nuevo-parque-el-llano-pero-autoridad-sigue-omisa","status":"publish","type":"post","link":"https:\/\/zonaroja.com.mx\/?p=60867","title":{"rendered":"Ambientalistas defienden de nuevo parque \u201cEl Llano\u201d\u2026 pero autoridad sigue omisa"},"content":{"rendered":"\n<p>Ismael Garc\u00eda M.\/Zona Roja.<\/p>\n\n\n\n<p>Oaxaca de Ju\u00e1rez, Oax., a 11 de octubre de 2023.- Ambientalistas de la sociedad civil clausuraron hoy de manera simb\u00f3lica la estructura y carpa que instal\u00f3 la Secretar\u00eda de Turismo de Oaxaca en el parque \u201cEl Llano\u201d de la capital, para un festival gastron\u00f3mico.<\/p>\n\n\n\n<p>Lo anterior, tras constatar que hay diversos da\u00f1os tanto a la infraestructura urbana como al arbolado y \u00e1reas verdes de dicho sitio recreativo, durante la instalaci\u00f3n de los postes y lonas.<\/p>\n\n\n\n<p>Integrantes del Colectivo de Organizaciones Ambientales de Oaxaca (COAO), encabezados por Nasario Garc\u00eda, efectuaron una protesta pac\u00edfica en dicho parque, para exigir a las autoridades la cancelaci\u00f3n del Festival del Mole de Caderas, que inicia el pr\u00f3ximo viernes.<\/p>\n\n\n\n<p>De acuerdo con el representante del COAO, \u201cEl Llano\u201d resguarda ejemplares hist\u00f3ricos, sembrados incluso desde la \u00e9poca de la Independencia.<\/p>\n\n\n\n<p>\u201cDesgraciadamente por capricho de algunas autoridades, est\u00e1n empecinadas en acabar lo que es el patrimonio natural de los oaxaque\u00f1os. En la primera ocasi\u00f3n que hicieron una feria, elevamos tambi\u00e9n nuestra protesta pero todos se echan la bolita y nadie soluciona.<\/p>\n\n\n\n<figure class=\"wp-block-embed\"><div class=\"wp-block-embed__wrapper\">\nhttps:\/\/x.com\/ZonaRoja_Oaxaca\/status\/1712147081354166345?s=20\n<\/div><\/figure>\n\n\n\n<p>\u201c\u00bfQu\u00e9 no ser\u00eda mejor que la secretaria (Saymi Pineda) impulsara esta actividad en su lugar de origen? As\u00ed los visitantes tendr\u00edan la oportunidad de conocer m\u00e1s el estado de Oaxaca y sin duda que hubiese m\u00e1s derrama en las comunidades\u201d, agreg\u00f3.<\/p>\n\n\n\n<p>En tanto, el integrante del colectivo \u201cSalvando Vidas\u201d, Manuel Ch\u00e1vez, lament\u00f3 que el parque sea utilizado para fines ajenos a su creaci\u00f3n, como es el esparcimiento y las actividades f\u00edsicas.<\/p>\n\n\n\n<p>\u201cNo estamos en contra de nadie, ni del gobernador ni de la autoridad; simplemente decimos que todo lo que le pertenece a los oaxaque\u00f1os se debe cuidar. Tal vez est\u00e9 interesado este \u2018Llano\u2019 y d\u00f3nde se van a recrear los ni\u00f1os si carecemos de parques\u201d, expuso.<\/p>\n\n\n\n<p>Tras ello acudieron representantes del gobierno estatal como del municipal para supuestamente verificar los da\u00f1os, sin embargo, se retiraron posteriormente sin dictar ninguna medida que demandaban&nbsp;<\/p>\n\n\n\n<p>Recientemente, durante las fiestas de la Guelaguetza, tambi\u00e9n se instalaron carpas para otro festival gastron\u00f3mico, y tambi\u00e9n fue da\u00f1ado el sitio; sin embargo, hasta el momento no ha habido la rehabilitaci\u00f3n prometida.<\/p>\n\n\n\n<p>En tanto, el presidente municipal de Oaxaca de Ju\u00e1rez, Francisco Mart\u00ednez Neri, ha reiterado que se analizar\u00e1 la situaci\u00f3n para regular el uso del parque, pero tampoco se ha hecho.<\/p>\n","protected":false},"excerpt":{"rendered":"<p>Ismael Garc\u00eda M.\/Zona Roja. Oaxaca de Ju\u00e1rez, Oax., a 11 de octubre de 2023.- Ambientalistas&hellip;<\/p>\n","protected":false},"author":2,"featured_media":60868,"comment_status":"closed","ping_status":"open","sticky":false,"template":"","format":"standard","meta":{"_lmt_disableupdate":"","_lmt_disable":"","_jetpack_memberships_contains_paid_content":false,"footnotes":""},"categories":[109,46],"tags":[],"class_list":["post-60867","post","type-post","status-publish","format-standard","has-post-thumbnail","hentry","category-minuto-a-minuto","category-zona-blanca"],"jetpack_featured_media_url":"https:\/\/zonaroja.com.mx\/wp-content\/uploads\/2023\/10\/Ambientalistas-clausuran-el-parque-El-Llano-Oaxaca.jpg","jetpack_sharing_enabled":true,"_links":{"self":[{"href":"https:\/\/zonaroja.com.mx\/index.php?rest_route=\/wp\/v2\/posts\/60867","targetHints":{"allow":["GET"]}}],"collection":[{"href":"https:\/\/zonaroja.com.mx\/index.php?rest_route=\/wp\/v2\/posts"}],"about":[{"href":"https:\/\/zonaroja.com.mx\/index.php?rest_route=\/wp\/v2\/types\/post"}],"author":[{"embeddable":true,"href":"https:\/\/zonaroja.com.mx\/index.php?rest_route=\/wp\/v2\/users\/2"}],"replies":[{"embeddable":true,"href":"https:\/\/zonaroja.com.mx\/index.php?rest_route=%2Fwp%2Fv2%2Fcomments&post=60867"}],"version-history":[{"count":1,"href":"https:\/\/zonaroja.com.mx\/index.php?rest_route=\/wp\/v2\/posts\/60867\/revisions"}],"predecessor-version":[{"id":60869,"href":"https:\/\/zonaroja.com.mx\/index.php?rest_route=\/wp\/v2\/posts\/60867\/revisions\/60869"}],"wp:featuredmedia":[{"embeddable":true,"href":"https:\/\/zonaroja.com.mx\/index.php?rest_route=\/wp\/v2\/media\/60868"}],"wp:attachment":[{"href":"https:\/\/zonaroja.com.mx\/index.php?rest_route=%2Fwp%2Fv2%2Fmedia&parent=60867"}],"wp:term":[{"taxonomy":"category","embeddable":true,"href":"https:\/\/zonaroja.com.mx\/index.php?rest_route=%2Fwp%2Fv2%2Fcategories&post=60867"},{"taxonomy":"post_tag","embeddable":true,"href":"https:\/\/zonaroja.com.mx\/index.php?rest_route=%2Fwp%2Fv2%2Ftags&post=60867"}],"curies":[{"name":"wp","href":"https:\/\/api.w.org\/{rel}","templated":true}]}}