{"id":6087,"date":"2019-11-26T07:29:45","date_gmt":"2019-11-26T13:29:45","guid":{"rendered":"http:\/\/www.zonaroja.com.mx\/?p=6087"},"modified":"2019-11-26T07:30:42","modified_gmt":"2019-11-26T13:30:42","slug":"el-narco-opera-en-el-40-del-territorio-de-mexico","status":"publish","type":"post","link":"https:\/\/zonaroja.com.mx\/?p=6087","title":{"rendered":"El \u201cnarco\u201d opera en el 40% del territorio de M\u00e9xico"},"content":{"rendered":"\n<p>Redacci\u00f3n\/Zona Roja Cdmx.<\/p>\n\n\n\n<p>Ciudad de M\u00e9xico, 26 de noviembre de\n2019.- Los c\u00e1rteles del narcotr\u00e1fico y el crimen organizado han obtenido tanto\npoder que, seg\u00fan acad\u00e9micos estadounidenses, hasta 40 por ciento del territorio\nmexicano est\u00e1 sujeto a, por lo menos, \u201cinseguridad cr\u00f3nica\u201d.<\/p>\n\n\n\n<p>De acuerdo con informaci\u00f3n publicada\nhoy por el diario \u201cEl Heraldo de M\u00e9xico\u201d, la situaci\u00f3n preocupa al gobierno\nestadounidense, lo suficiente como para que el embajador Christopher Landau\nadvierta que \u201csi no lo combatimos, esto se va a poner mucho peor\u201d.<\/p>\n\n\n\n<p>No ha sido el \u00fanico. \u201cHay \u00e1reas de\nM\u00e9xico que yo caracterizar\u00eda como sin ley\u2026 los c\u00e1rteles de la droga se encargan\nde la infraestructura, los servicios y sus negocios, que son las drogas\u201d, dijo\nDavid Glawe, subsecretario de Seguridad Nacional, en audiencia legislativa.<\/p>\n\n\n\n<p>Seg\u00fan \u201cEl Heraldo de M\u00e9xico\u201d, algunos\nespecialistas consideran que los c\u00e1rteles buscan m\u00e1s bien anular o desafiar el\ncontrol pol\u00edtico para promover sus operaciones criminales.<\/p>\n\n\n\n<p>Para ello usan lo mismo amenazas, que\ncorrupci\u00f3n, disponen de miniej\u00e9rcitos y adoptan t\u00e1cticas militares.<\/p>\n\n\n\n<p>Peor a\u00fan, en Estados Unidos hay tambi\u00e9n\nuna corriente que considera a los c\u00e1rteles como una amenaza regional y promueve\nla idea de proclamarlos como agrupaciones terroristas.<\/p>\n\n\n\n<p>Un texto de la revista Foreign Policy,\nfirmado por los especialistas John. P. Sullivan y Robert Muggah, hizo notar que\n\u201clas autoridades (mexicanas) estiman que 40 por ciento del pa\u00eds est\u00e1 sujeto a\ninseguridad cr\u00f3nica, con violencia homicida, desapariciones y desplazamiento de\nla poblaci\u00f3n\u201d.<\/p>\n\n\n\n<p>El reportaje de \u201cEl Heraldo de M\u00e9xico\u201d\na\u00f1ade que de acuerdo con ese reporte, estados como Guerrero, Michoac\u00e1n,\nTamaulipas y Veracruz est\u00e1n paralizados por la violencia organizada, como\natestiguan descubrimientos de fosas comunes.<\/p>\n\n\n\n<p>Landau advirti\u00f3 que \u201cel territorio\ndonde (los narcos) tienen poder contin\u00faa expandi\u00e9ndose a trav\u00e9s de la\nRep\u00fablica\u201d, dijo Landau el 14 de noviembre.<\/p>\n\n\n\n<p>\u201cSi lo ocurrido en Sinaloa no nos hace\ndespertar, \u00bfqu\u00e9 es lo que vamos a esperar que pase?\u201d, demand\u00f3.<\/p>\n\n\n\n<p>El 17 de octubre, grupos de sicarios\ndel C\u00e1rtel de Sinaloa ocuparon parcialmente Culiac\u00e1n para obligar al gobierno a\nliberar a Ovidio Guzman, uno de los hijos y herederos del encarcelado\nnarcotraficante Joaquin El Chapo Guzman, detenido en un operativo militar.<\/p>\n\n\n\n<p>Un ensayo publicado por la revista de\nseguridad de la Universidad de Fletcher se\u00f1ala que \u201cun creciente n\u00famero de grupos\ncriminales llega a la esfera pol\u00edtica y ejerce una profunda influencia en\nasuntos locales y nacionales\u201d.<\/p>\n","protected":false},"excerpt":{"rendered":"<p>Redacci\u00f3n\/Zona Roja Cdmx. Ciudad de M\u00e9xico, 26 de noviembre de 2019.- Los c\u00e1rteles del narcotr\u00e1fico&hellip;<\/p>\n","protected":false},"author":2,"featured_media":6088,"comment_status":"closed","ping_status":"open","sticky":false,"template":"","format":"standard","meta":{"_lmt_disableupdate":"","_lmt_disable":"","_jetpack_memberships_contains_paid_content":false,"footnotes":""},"categories":[109,51],"tags":[1057],"class_list":["post-6087","post","type-post","status-publish","format-standard","has-post-thumbnail","hentry","category-minuto-a-minuto","category-zona-roja","tag-narcotrafico-en-mexico"],"jetpack_featured_media_url":"https:\/\/zonaroja.com.mx\/wp-content\/uploads\/2019\/11\/Amapola.jpg","jetpack_sharing_enabled":true,"_links":{"self":[{"href":"https:\/\/zonaroja.com.mx\/index.php?rest_route=\/wp\/v2\/posts\/6087","targetHints":{"allow":["GET"]}}],"collection":[{"href":"https:\/\/zonaroja.com.mx\/index.php?rest_route=\/wp\/v2\/posts"}],"about":[{"href":"https:\/\/zonaroja.com.mx\/index.php?rest_route=\/wp\/v2\/types\/post"}],"author":[{"embeddable":true,"href":"https:\/\/zonaroja.com.mx\/index.php?rest_route=\/wp\/v2\/users\/2"}],"replies":[{"embeddable":true,"href":"https:\/\/zonaroja.com.mx\/index.php?rest_route=%2Fwp%2Fv2%2Fcomments&post=6087"}],"version-history":[{"count":1,"href":"https:\/\/zonaroja.com.mx\/index.php?rest_route=\/wp\/v2\/posts\/6087\/revisions"}],"predecessor-version":[{"id":6089,"href":"https:\/\/zonaroja.com.mx\/index.php?rest_route=\/wp\/v2\/posts\/6087\/revisions\/6089"}],"wp:featuredmedia":[{"embeddable":true,"href":"https:\/\/zonaroja.com.mx\/index.php?rest_route=\/wp\/v2\/media\/6088"}],"wp:attachment":[{"href":"https:\/\/zonaroja.com.mx\/index.php?rest_route=%2Fwp%2Fv2%2Fmedia&parent=6087"}],"wp:term":[{"taxonomy":"category","embeddable":true,"href":"https:\/\/zonaroja.com.mx\/index.php?rest_route=%2Fwp%2Fv2%2Fcategories&post=6087"},{"taxonomy":"post_tag","embeddable":true,"href":"https:\/\/zonaroja.com.mx\/index.php?rest_route=%2Fwp%2Fv2%2Ftags&post=6087"}],"curies":[{"name":"wp","href":"https:\/\/api.w.org\/{rel}","templated":true}]}}