{"id":60870,"date":"2023-10-11T20:16:29","date_gmt":"2023-10-12T01:16:29","guid":{"rendered":"http:\/\/www.zonaroja.com.mx\/?p=60870"},"modified":"2023-10-11T20:16:31","modified_gmt":"2023-10-12T01:16:31","slug":"apoya-y-acompana-gobierno-consolidacion-de-autonomia-de-la-fiscalia-de-oaxaca","status":"publish","type":"post","link":"https:\/\/zonaroja.com.mx\/?p=60870","title":{"rendered":"Apoya y acompa\u00f1a gobierno consolidaci\u00f3n de autonom\u00eda de la Fiscal\u00eda de Oaxaca"},"content":{"rendered":"\n<p>Ismael Garc\u00eda M.\/Zona Roja.<\/p>\n\n\n\n<p>Oaxaca de Ju\u00e1rez, Oax., a 11 de octubre de 2023.- Tras las inconformidades surgidas ayer en la Fiscal\u00eda General del Estado de Oaxaca, por el cambio de adscripci\u00f3n de trabajadores de base, \u201cel gobierno ha tomado la firme determinaci\u00f3n de apoyar y acompa\u00f1ar al proceso de consolidaci\u00f3n de la autonom\u00eda\u201d de dicha instituci\u00f3n.<\/p>\n\n\n\n<p>Ello lo asever\u00f3 la ma\u00f1ana de hoy el titular del Poder Ejecutivo estatal, Salom\u00f3n Jara Cruz, al reiterar su respeto al \u00f3rgano y precisar que actualmente los trabajadores de base sindicalizados a\u00fan dependen de la Secretar\u00eda de Administraci\u00f3n estatal.<\/p>\n\n\n\n<p>\u201cCreo que fue en el 2015 el decreto (emitido) y en un transitorio se deja dos a\u00f1os para que los trabajadores administrativos \u2014junto con la Secretar\u00eda de Administraci\u00f3n\u2014 puedan ya reubicarse.<\/p>\n\n\n\n<p>\u201cPasaron varios a\u00f1os y no se hizo nada, de tal manera que dejaron as\u00ed a la Fiscal\u00eda, con trabajadores de base, sindicalizados, y no s\u00e9 si la mayor\u00eda o en todas las fiscal\u00edas ya no hay trabajadores de base, porque es una Fiscal\u00eda aut\u00f3noma\u201d, dijo.<\/p>\n\n\n\n<p>El gobernador expuso que solicit\u00f3 al encargado de la Secretar\u00eda de Administraci\u00f3n a que se inicie el proceso de reubicaci\u00f3n de los empleados de base, para lo cual desde ayer comenzaron las mesas de trabajo.<\/p>\n\n\n\n<p>\u201cSon poco m\u00e1s de 300 trabajadores que se van a reubicar, nosotros vamos a respetar siempre sus derechos laborales, no se van a ver afectados, va a haber siempre un di\u00e1logo abierto, respetuoso, yo espero que las partes muestren buena voluntad y sensibilidad\u201d, dijo.<\/p>\n\n\n\n<p>\u201cEstamos hoy acompa\u00f1ando al proceso de consolidaci\u00f3n de la autonom\u00eda de la Fiscal\u00eda, el fiscal (Bernardo Rodr\u00edguez Alamilla) no es el patr\u00f3n actual, es el Estado, es el gobierno; a la Secretar\u00eda de Administraci\u00f3n he dado indicaciones para que de inmediato se lleven las pl\u00e1ticas.<\/p>\n\n\n\n<p>\u201cSe va a respetar el derecho laboral, no se va a violentar en absoluto, no estamos haciendo ninguna modificaci\u00f3n, solamente este proceso tiene que llevarse a cabo\u201d, remarc\u00f3 Jara Cruz.<\/p>\n\n\n\n<p><a href=\"https:\/\/x.com\/ZonaRoja_Oaxaca\/status\/1712120847396155781?s=20\">https:\/\/x.com\/ZonaRoja_Oaxaca\/status\/1712120847396155781?s=20<\/a><\/p>\n","protected":false},"excerpt":{"rendered":"<p>Ismael Garc\u00eda M.\/Zona Roja. Oaxaca de Ju\u00e1rez, Oax., a 11 de octubre de 2023.- Tras&hellip;<\/p>\n","protected":false},"author":2,"featured_media":60871,"comment_status":"closed","ping_status":"open","sticky":false,"template":"","format":"standard","meta":{"_lmt_disableupdate":"","_lmt_disable":"","_jetpack_memberships_contains_paid_content":false,"footnotes":""},"categories":[109,46],"tags":[939],"class_list":["post-60870","post","type-post","status-publish","format-standard","has-post-thumbnail","hentry","category-minuto-a-minuto","category-zona-blanca","tag-salomon-jara-cruz"],"jetpack_featured_media_url":"https:\/\/zonaroja.com.mx\/wp-content\/uploads\/2023\/10\/Fiscal-Bernardo-Rodriguez-y-gobernador-Salomon-Jara.jpg","jetpack_sharing_enabled":true,"_links":{"self":[{"href":"https:\/\/zonaroja.com.mx\/index.php?rest_route=\/wp\/v2\/posts\/60870","targetHints":{"allow":["GET"]}}],"collection":[{"href":"https:\/\/zonaroja.com.mx\/index.php?rest_route=\/wp\/v2\/posts"}],"about":[{"href":"https:\/\/zonaroja.com.mx\/index.php?rest_route=\/wp\/v2\/types\/post"}],"author":[{"embeddable":true,"href":"https:\/\/zonaroja.com.mx\/index.php?rest_route=\/wp\/v2\/users\/2"}],"replies":[{"embeddable":true,"href":"https:\/\/zonaroja.com.mx\/index.php?rest_route=%2Fwp%2Fv2%2Fcomments&post=60870"}],"version-history":[{"count":1,"href":"https:\/\/zonaroja.com.mx\/index.php?rest_route=\/wp\/v2\/posts\/60870\/revisions"}],"predecessor-version":[{"id":60872,"href":"https:\/\/zonaroja.com.mx\/index.php?rest_route=\/wp\/v2\/posts\/60870\/revisions\/60872"}],"wp:featuredmedia":[{"embeddable":true,"href":"https:\/\/zonaroja.com.mx\/index.php?rest_route=\/wp\/v2\/media\/60871"}],"wp:attachment":[{"href":"https:\/\/zonaroja.com.mx\/index.php?rest_route=%2Fwp%2Fv2%2Fmedia&parent=60870"}],"wp:term":[{"taxonomy":"category","embeddable":true,"href":"https:\/\/zonaroja.com.mx\/index.php?rest_route=%2Fwp%2Fv2%2Fcategories&post=60870"},{"taxonomy":"post_tag","embeddable":true,"href":"https:\/\/zonaroja.com.mx\/index.php?rest_route=%2Fwp%2Fv2%2Ftags&post=60870"}],"curies":[{"name":"wp","href":"https:\/\/api.w.org\/{rel}","templated":true}]}}