{"id":60875,"date":"2023-10-12T08:24:55","date_gmt":"2023-10-12T13:24:55","guid":{"rendered":"http:\/\/www.zonaroja.com.mx\/?p=60875"},"modified":"2023-10-12T08:24:58","modified_gmt":"2023-10-12T13:24:58","slug":"otra-vez-salina-cruz-atacan-a-balazos-a-un-individuo","status":"publish","type":"post","link":"https:\/\/zonaroja.com.mx\/?p=60875","title":{"rendered":"Otra vez Salina Cruz: atacan a balazos a un individuo"},"content":{"rendered":"\n<p>Redacci\u00f3n\/Zona Roja.<\/p>\n\n\n\n<p>Oaxaca de Ju\u00e1rez, Oax., a 12 de octubre de 2023.- La violencia no cesa en el municipio de Salina Cruz y anoche una persona del sexo masculino fue atacada a balazos.<\/p>\n\n\n\n<p>Ocurri\u00f3 en la calle Benito Ju\u00e1rez de la colonia Deportiva Sur, donde sujetos armados acataron a un individuo, a\u00fan no identificado.<\/p>\n\n\n\n<p>La v\u00edctima recibi\u00f3 varios disparos de arma de fuego en el cuerpo, uno de ellos en el t\u00f3rax, por lo cual fue trasladado de emergencia en un hospital de la zona, donde lo reportan grave de salud esta ma\u00f1ana.<\/p>\n\n\n\n<p>Pese a cotidianos hechos de violencia, el edil morenista Daniel M\u00e9ndez Sosa no ha implementado acciones de seguridad; en tanto, el pr\u00f3ximo s\u00e1bado el mandatario Andr\u00e9s Manuel L\u00f3pez Obrador estar\u00e1 en dicha ciudad y puerto.<\/p>\n\n\n\n<p>INDAGAN MUERTES<\/p>\n\n\n\n<p>Por otra parte, la Fiscal\u00eda General del Estado de Oaxaca indaga la muerte de dos personas, una de ellas presuntamente de la Secretar\u00eda de la Defensa Nacional (Sedena), ocurridas en el municipio de Asunci\u00f3n Nochixtl\u00e1n.<\/p>\n\n\n\n<p>Fue ayer en la madrugada en que se descubrieron los dos cuerpos sin vida, a un costado de la carretera Internacional 190, cerca de un hotel; una de las l\u00edneas de investigaci\u00f3n es que fueron atropellados.<\/p>\n\n\n\n<p>Hasta esta ma\u00f1ana las v\u00edctimas a\u00fan no han sido identificadas legalmente; a uno de ellos se hall\u00f3 una credencial de la Sedena pero no se ha revelado el nombre.<\/p>\n\n\n\n<p>Por otra parte, en el jard\u00edn Conzatti de la ciudad de Oaxaca fue hallada ayer una persona sin vida, con golpes en la cabeza, tambi\u00e9n se indaga una ca\u00edda accidental y a\u00fan no se ha proporcionado el nombre del occiso.<\/p>\n","protected":false},"excerpt":{"rendered":"<p>Redacci\u00f3n\/Zona Roja. Oaxaca de Ju\u00e1rez, Oax., a 12 de octubre de 2023.- La violencia no&hellip;<\/p>\n","protected":false},"author":2,"featured_media":60877,"comment_status":"closed","ping_status":"open","sticky":false,"template":"","format":"standard","meta":{"_lmt_disableupdate":"","_lmt_disable":"","_jetpack_memberships_contains_paid_content":false,"footnotes":""},"categories":[109,47],"tags":[168],"class_list":["post-60875","post","type-post","status-publish","format-standard","has-post-thumbnail","hentry","category-minuto-a-minuto","category-zona-gris","tag-salina-cruz"],"jetpack_featured_media_url":"https:\/\/zonaroja.com.mx\/wp-content\/uploads\/2023\/10\/Atropellados-Asuncion-Noxchixtlan.jpg","jetpack_sharing_enabled":true,"_links":{"self":[{"href":"https:\/\/zonaroja.com.mx\/index.php?rest_route=\/wp\/v2\/posts\/60875","targetHints":{"allow":["GET"]}}],"collection":[{"href":"https:\/\/zonaroja.com.mx\/index.php?rest_route=\/wp\/v2\/posts"}],"about":[{"href":"https:\/\/zonaroja.com.mx\/index.php?rest_route=\/wp\/v2\/types\/post"}],"author":[{"embeddable":true,"href":"https:\/\/zonaroja.com.mx\/index.php?rest_route=\/wp\/v2\/users\/2"}],"replies":[{"embeddable":true,"href":"https:\/\/zonaroja.com.mx\/index.php?rest_route=%2Fwp%2Fv2%2Fcomments&post=60875"}],"version-history":[{"count":1,"href":"https:\/\/zonaroja.com.mx\/index.php?rest_route=\/wp\/v2\/posts\/60875\/revisions"}],"predecessor-version":[{"id":60878,"href":"https:\/\/zonaroja.com.mx\/index.php?rest_route=\/wp\/v2\/posts\/60875\/revisions\/60878"}],"wp:featuredmedia":[{"embeddable":true,"href":"https:\/\/zonaroja.com.mx\/index.php?rest_route=\/wp\/v2\/media\/60877"}],"wp:attachment":[{"href":"https:\/\/zonaroja.com.mx\/index.php?rest_route=%2Fwp%2Fv2%2Fmedia&parent=60875"}],"wp:term":[{"taxonomy":"category","embeddable":true,"href":"https:\/\/zonaroja.com.mx\/index.php?rest_route=%2Fwp%2Fv2%2Fcategories&post=60875"},{"taxonomy":"post_tag","embeddable":true,"href":"https:\/\/zonaroja.com.mx\/index.php?rest_route=%2Fwp%2Fv2%2Ftags&post=60875"}],"curies":[{"name":"wp","href":"https:\/\/api.w.org\/{rel}","templated":true}]}}