{"id":60879,"date":"2023-10-12T11:25:00","date_gmt":"2023-10-12T16:25:00","guid":{"rendered":"http:\/\/www.zonaroja.com.mx\/?p=60879"},"modified":"2023-10-12T08:38:51","modified_gmt":"2023-10-12T13:38:51","slug":"condecora-amlo-a-general-de-la-sedena-acusado-de-narcotrafico","status":"publish","type":"post","link":"https:\/\/zonaroja.com.mx\/?p=60879","title":{"rendered":"Condecora AMLO a general de la Sedena acusado de narcotr\u00e1fico"},"content":{"rendered":"\n<p>Redacci\u00f3n\/Zona Roja.<\/p>\n\n\n\n<p>Oaxaca de Ju\u00e1rez, Oax., a 12 de octubre de 2023.- Salvador Cienfuegos, exsecretario de la Defensa Nacional durante el sexenio de Enrique Pe\u00f1a Nieto y quien fue detenido en 2020 en Estados Unidos, fue condecorado este mi\u00e9rcoles por el presidente Andr\u00e9s Manuel L\u00f3pez Obrador durante la conmemoraci\u00f3n del Bicentenario del Heroico Colegio Militar en Veracruz.<\/p>\n\n\n\n<p>El encargado de las Fuerzas Armadas en el gobierno de Enrique Pe\u00f1a Nieto fue distinguido por haberse desempe\u00f1ado como director del Colegio del 16 de noviembre de 1997 al 1 de diciembre de 2000.<\/p>\n\n\n\n<p>\u201cDesempe\u00f1\u00f3 el cargo de secretario de la Defensa Nacional del a\u00f1o 2012 al a\u00f1o 2018\u201d, dijo la maestra de ceremonias durante la entrega de la condecoraci\u00f3n de manos del presidente.<\/p>\n\n\n\n<p>L\u00f3pez Obrador entreg\u00f3 una caja al exsecretario, le salud\u00f3 de mano y le expres\u00f3 algunas palabras.<\/p>\n\n\n\n<p>Cienfuegos tuvo un lugar entre los secretarios de Estado, el gobernador de Veracruz, Cuitl\u00e1huac Garc\u00eda, y generales. Su asiento se ubic\u00f3 casi detr\u00e1s del lugar del presidente Andr\u00e9s Manuel L\u00f3pez Obrador.<\/p>\n\n\n\n<p>\u201cContamos con la distinguida presencia de generales que se desempe\u00f1aron como directores del Heroico Colegio Militar y fungieron en el cargo de secretarios de la Defensa Nacional en administraciones anteriores\u201d, dijo el maestro de ceremonias.<\/p>\n\n\n\n<p>\u00c9sta no es la primera vez que se ve a Cienfuegos en un acto p\u00fablico. En agosto pasado fue visto en Perote, Veracruz, en los festejos del bicentenario del Heroico Colegio Militar, junto al secretario Luis Crescencio Sandoval.<\/p>\n\n\n\n<p>Salvador Cienfuegos fue detenido por autoridades del Gobierno de Estados Unidos en octubre de 2020 por supuestos v\u00ednculos con el narcotr\u00e1fico, sin embargo, meses despu\u00e9s la agencia antidrogas (DEA, por sus siglas en ingl\u00e9s) retir\u00f3 los cargos y M\u00e9xico se encarg\u00f3 de la investigaci\u00f3n. En 2021, la Fiscal\u00eda General de la Rep\u00fablica (FGR) lo exoner\u00f3 y determin\u00f3 no ejercer acci\u00f3n penal en su contra.<\/p>\n\n\n\n<p>(Informaci\u00f3n de \u00abExpansi\u00f3n Pol\u00edtica\u00bb)<\/p>\n","protected":false},"excerpt":{"rendered":"<p>Redacci\u00f3n\/Zona Roja. Oaxaca de Ju\u00e1rez, Oax., a 12 de octubre de 2023.- Salvador Cienfuegos, exsecretario&hellip;<\/p>\n","protected":false},"author":2,"featured_media":60880,"comment_status":"closed","ping_status":"open","sticky":false,"template":"","format":"standard","meta":{"_lmt_disableupdate":"","_lmt_disable":"","_jetpack_memberships_contains_paid_content":false,"footnotes":""},"categories":[109,47],"tags":[143],"class_list":["post-60879","post","type-post","status-publish","format-standard","has-post-thumbnail","hentry","category-minuto-a-minuto","category-zona-gris","tag-andres-manuel-lopez-obrador"],"jetpack_featured_media_url":"https:\/\/zonaroja.com.mx\/wp-content\/uploads\/2023\/10\/Andres-Manuel-Lopez-obrador-y-Salvador-Cienfuegos.webp","jetpack_sharing_enabled":true,"_links":{"self":[{"href":"https:\/\/zonaroja.com.mx\/index.php?rest_route=\/wp\/v2\/posts\/60879","targetHints":{"allow":["GET"]}}],"collection":[{"href":"https:\/\/zonaroja.com.mx\/index.php?rest_route=\/wp\/v2\/posts"}],"about":[{"href":"https:\/\/zonaroja.com.mx\/index.php?rest_route=\/wp\/v2\/types\/post"}],"author":[{"embeddable":true,"href":"https:\/\/zonaroja.com.mx\/index.php?rest_route=\/wp\/v2\/users\/2"}],"replies":[{"embeddable":true,"href":"https:\/\/zonaroja.com.mx\/index.php?rest_route=%2Fwp%2Fv2%2Fcomments&post=60879"}],"version-history":[{"count":1,"href":"https:\/\/zonaroja.com.mx\/index.php?rest_route=\/wp\/v2\/posts\/60879\/revisions"}],"predecessor-version":[{"id":60881,"href":"https:\/\/zonaroja.com.mx\/index.php?rest_route=\/wp\/v2\/posts\/60879\/revisions\/60881"}],"wp:featuredmedia":[{"embeddable":true,"href":"https:\/\/zonaroja.com.mx\/index.php?rest_route=\/wp\/v2\/media\/60880"}],"wp:attachment":[{"href":"https:\/\/zonaroja.com.mx\/index.php?rest_route=%2Fwp%2Fv2%2Fmedia&parent=60879"}],"wp:term":[{"taxonomy":"category","embeddable":true,"href":"https:\/\/zonaroja.com.mx\/index.php?rest_route=%2Fwp%2Fv2%2Fcategories&post=60879"},{"taxonomy":"post_tag","embeddable":true,"href":"https:\/\/zonaroja.com.mx\/index.php?rest_route=%2Fwp%2Fv2%2Ftags&post=60879"}],"curies":[{"name":"wp","href":"https:\/\/api.w.org\/{rel}","templated":true}]}}