{"id":60882,"date":"2023-10-12T08:44:02","date_gmt":"2023-10-12T13:44:02","guid":{"rendered":"http:\/\/www.zonaroja.com.mx\/?p=60882"},"modified":"2023-10-12T08:44:04","modified_gmt":"2023-10-12T13:44:04","slug":"cumple-24-horas-encarcelada-una-presidenta-municipal-en-oaxaca","status":"publish","type":"post","link":"https:\/\/zonaroja.com.mx\/?p=60882","title":{"rendered":"Cumple 24 horas encarcelada una presidenta municipal en Oaxaca"},"content":{"rendered":"\n<p>Ismael Garc\u00eda M.\/Zona Roja.<\/p>\n\n\n\n<p>Oaxaca de Ju\u00e1rez, Oax., a 12 de octubre de 2023.- La presidenta municipal de Asunci\u00f3n Ocotl\u00e1n, municipio de la regi\u00f3n Valles Centrales de Oaxaca, cumple casi 24 horas en la c\u00e1rcel de la localidad.<\/p>\n\n\n\n<p>La alcaldesa Concepci\u00f3n Garc\u00eda Garc\u00eda fue retenida por una turba de pobladores, presuntamente identificados con el Partido Morena, y llevada a los separos, acusada de malversaci\u00f3n de recursos y nulas obras p\u00fablicas.<\/p>\n\n\n\n<p>De acuerdo con un video difundido ayer en redes sociales, la acci\u00f3n fue acordada por toda la comunidad, debido a que la presidenta se niega a rendir informes acerca del uso del recurso p\u00fablico.<\/p>\n\n\n\n<p>Y es que desde hace varios meses meses hay inconformidades en ese municipio, ubicado a unos 35 kil\u00f3metros de la capital y que han derivado incluso en la \u201ctoma\u201d del palacio municipal.<\/p>\n\n\n\n<p>Garc\u00eda Garc\u00eda se hab\u00eda comprometido a responder a las exigencias de la comunidad; sin embargo no cumpli\u00f3 y por ello determinaron ponerla tras las rejas.<\/p>\n\n\n\n<p>Anoche, la Defensor\u00eda de lo Derechos Humanos del Pueblo de Oaxaca (DDHPO), inform\u00f3 que inici\u00f3 un expediente de queja DDHPO\/1647(16)\/OAX\/2023 y solicit\u00f3 en el marco de su competencia, la intervenci\u00f3n de la Fiscal\u00eda General del Estado de Oaxaca y de la Secretar\u00eda de Gobierno con el objetivo de salvaguardar la seguridad e integridad f\u00edsica de la edil y de generar acciones de gobernabilidad y paz en dicho municipio.<\/p>\n","protected":false},"excerpt":{"rendered":"<p>Ismael Garc\u00eda M.\/Zona Roja. Oaxaca de Ju\u00e1rez, Oax., a 12 de octubre de 2023.- La&hellip;<\/p>\n","protected":false},"author":2,"featured_media":60876,"comment_status":"closed","ping_status":"open","sticky":false,"template":"","format":"standard","meta":{"_lmt_disableupdate":"","_lmt_disable":"","_jetpack_memberships_contains_paid_content":false,"footnotes":""},"categories":[109,47],"tags":[3700],"class_list":["post-60882","post","type-post","status-publish","format-standard","has-post-thumbnail","hentry","category-minuto-a-minuto","category-zona-gris","tag-asuncion-ocotlan"],"jetpack_featured_media_url":"https:\/\/zonaroja.com.mx\/wp-content\/uploads\/2023\/10\/Presidenta-municipal-de-Asuncion-Ocotlan.jpg","jetpack_sharing_enabled":true,"_links":{"self":[{"href":"https:\/\/zonaroja.com.mx\/index.php?rest_route=\/wp\/v2\/posts\/60882","targetHints":{"allow":["GET"]}}],"collection":[{"href":"https:\/\/zonaroja.com.mx\/index.php?rest_route=\/wp\/v2\/posts"}],"about":[{"href":"https:\/\/zonaroja.com.mx\/index.php?rest_route=\/wp\/v2\/types\/post"}],"author":[{"embeddable":true,"href":"https:\/\/zonaroja.com.mx\/index.php?rest_route=\/wp\/v2\/users\/2"}],"replies":[{"embeddable":true,"href":"https:\/\/zonaroja.com.mx\/index.php?rest_route=%2Fwp%2Fv2%2Fcomments&post=60882"}],"version-history":[{"count":1,"href":"https:\/\/zonaroja.com.mx\/index.php?rest_route=\/wp\/v2\/posts\/60882\/revisions"}],"predecessor-version":[{"id":60883,"href":"https:\/\/zonaroja.com.mx\/index.php?rest_route=\/wp\/v2\/posts\/60882\/revisions\/60883"}],"wp:featuredmedia":[{"embeddable":true,"href":"https:\/\/zonaroja.com.mx\/index.php?rest_route=\/wp\/v2\/media\/60876"}],"wp:attachment":[{"href":"https:\/\/zonaroja.com.mx\/index.php?rest_route=%2Fwp%2Fv2%2Fmedia&parent=60882"}],"wp:term":[{"taxonomy":"category","embeddable":true,"href":"https:\/\/zonaroja.com.mx\/index.php?rest_route=%2Fwp%2Fv2%2Fcategories&post=60882"},{"taxonomy":"post_tag","embeddable":true,"href":"https:\/\/zonaroja.com.mx\/index.php?rest_route=%2Fwp%2Fv2%2Ftags&post=60882"}],"curies":[{"name":"wp","href":"https:\/\/api.w.org\/{rel}","templated":true}]}}