{"id":60887,"date":"2023-10-12T10:30:00","date_gmt":"2023-10-12T15:30:00","guid":{"rendered":"http:\/\/www.zonaroja.com.mx\/?p=60887"},"modified":"2023-10-12T08:56:49","modified_gmt":"2023-10-12T13:56:49","slug":"israel-promete-aplastar-y-destruir-a-hamas-van-2400-muertos","status":"publish","type":"post","link":"https:\/\/zonaroja.com.mx\/?p=60887","title":{"rendered":"Israel promete \u201caplastar y destruir\u201d a Ham\u00e1s; van 2,400 muertos"},"content":{"rendered":"\n<p>Redacci\u00f3n\/Zona Roja Cdmx.<\/p>\n\n\n\n<p>Ciudad de M\u00e9xico, a 12 de octubre de 2023.- Al continuar con su intensa ofensiva militar en la franja de Gaza, el primer ministro de Israel, Benjamin Netanyahu, y el dirigente del opositor y centrista Partido de Unidad Nacional, Benny Gantz, anunciaron ayer un acuerdo para formar \u201cun gobierno de emergencia\u201d y \u201cun gabinete de guerra\u201d, que se comprometi\u00f3 a \u201caplastar y destruir\u201d en su totalidad al movimiento de resistencia isl\u00e1mica Hamas.<\/p>\n\n\n\n<p>M\u00e1s tarde, Joe Biden inst\u00f3 a Netanyahu a seguir las \u201cnormas de la guerra\u201d, en una jornada en la que el mandatario estadunidense fue desmentido por la propia Casa Blanca de no haber visto o confirmado im\u00e1genes sobre la supuesta decapitaci\u00f3n de cientos de beb\u00e9s que el premier israel\u00ed atribuye a Hamas.<\/p>\n\n\n\n<p>Y el saldo de la guerra sigue en aumento. En Israel, van m\u00e1s de mil 200 muertos, incluidos 169 soldados, seg\u00fan las fuerzas de seguridad. En Palestina, mil 200 fallecidos y 5 mil 600 heridos, de acuerdo con fuentes de salud.<\/p>\n\n\n\n<p>\u201cHamas es Daesh (acr\u00f3nimo en \u00e1rabe de la organizaci\u00f3n yihadista Estado Isl\u00e1mico) y vamos a aplastarlos y destruirlos tal como el mundo destruy\u00f3 a Daesh\u201d, sentenci\u00f3 Netanyahu, en su primera alocuci\u00f3n junto con los miembros del gabinete de guerra formado ayer con integrantes de la oposici\u00f3n.<\/p>\n\n\n\n<p>Tras mantener una reuni\u00f3n con el centrista ex ministro de Defensa Benny Gantz, Netanyahu anunci\u00f3 en un comunicado la formaci\u00f3n de un \u201cgobierno de emergencia\u201d y un \u201cgabinete de guerra\u201d hasta el fin del conflicto y sentenci\u00f3: \u201ccada miembro de Hamas es hombre muerto\u201d.<\/p>\n\n\n\n<p>Gantz subray\u00f3 que su intervenci\u00f3n junto con sus rivales pol\u00edticos \u201cenv\u00eda un mensaje claro a los adversarios y ciudadanos israel\u00edes\u2026 Igual que la gente de izquierda y derecha, de la ciudad y del pueblo, sale a luchar, las decisiones del gobierno tambi\u00e9n las tomar\u00e1n personas de distintos bandos. Ahora, todos somos un solo bando: el bando del pueblo de Israel\u201d, agreg\u00f3 el l\u00edder opositor, indic\u00f3 RT, que destac\u00f3 que en los \u00faltimos meses Netanyahu enfrent\u00f3 masivas protestas contra su reforma judicial.<\/p>\n\n\n\n<p>El ministro de Defensa, Yoav Gallant, calific\u00f3 la incursi\u00f3n de Hamas como el \u201cpeor ataque terrorista que ha visto el mundo\u201d y a\u00f1adi\u00f3: \u201clo que ocurri\u00f3 no ha pasado al pueblo jud\u00edo desde 1945\u201d.<\/p>\n\n\n\n<p>Al igual que Netanyahu, prometi\u00f3 \u201celiminar\u201d al movimiento islamita palestino. \u201cHamas, el Daesh de Gaza, ser\u00e1 borrado de la faz de la Tierra\u201d.<\/p>\n\n\n\n<p>El anuncio se produce cinco d\u00edas despu\u00e9s de la ofensiva lanzada contra Israel por Hamas desde la franja de Gaza, gobernada desde 2007 por el movimiento islamita palestino.<\/p>\n\n\n\n<p>El gobierno de coalici\u00f3n del premier, el m\u00e1s derechista en la historia de Israel, controla 64 de los 120 esca\u00f1os del Parlamento. Con la incorporaci\u00f3n del Partido de Unidad Nacional, de Gantz, llegar\u00e1 a 76.<\/p>\n\n\n\n<p>El principal l\u00edder opositor, Yair Lapid, no forma parte de la alianza, aunque el comunicado precis\u00f3 que tiene \u201creservado\u201d un puesto en el gabinete de guerra.<\/p>\n\n\n\n<p>Revital Gotliv, del Likud, de Netanyahu, conocida por sus declararaciones provocadoras en la red social X, llam\u00f3 a las autoridades \u201ca que hagan todo lo posible y utilicen armas apocal\u00edpticas sin miedo contra nuestros enemigos\u201d.<\/p>\n\n\n\n<p>(Informaci\u00f3n de \u201cLa Jornada\u201d)<\/p>\n","protected":false},"excerpt":{"rendered":"<p>Redacci\u00f3n\/Zona Roja Cdmx. Ciudad de M\u00e9xico, a 12 de octubre de 2023.- Al continuar con&hellip;<\/p>\n","protected":false},"author":2,"featured_media":60888,"comment_status":"closed","ping_status":"open","sticky":false,"template":"","format":"standard","meta":{"_lmt_disableupdate":"","_lmt_disable":"","_jetpack_memberships_contains_paid_content":false,"footnotes":""},"categories":[109,47],"tags":[2668],"class_list":["post-60887","post","type-post","status-publish","format-standard","has-post-thumbnail","hentry","category-minuto-a-minuto","category-zona-gris","tag-conflicto-gaza-israel"],"jetpack_featured_media_url":"https:\/\/zonaroja.com.mx\/wp-content\/uploads\/2023\/10\/Conficto-Israel-Hamas-Palestina.jpeg","jetpack_sharing_enabled":true,"_links":{"self":[{"href":"https:\/\/zonaroja.com.mx\/index.php?rest_route=\/wp\/v2\/posts\/60887","targetHints":{"allow":["GET"]}}],"collection":[{"href":"https:\/\/zonaroja.com.mx\/index.php?rest_route=\/wp\/v2\/posts"}],"about":[{"href":"https:\/\/zonaroja.com.mx\/index.php?rest_route=\/wp\/v2\/types\/post"}],"author":[{"embeddable":true,"href":"https:\/\/zonaroja.com.mx\/index.php?rest_route=\/wp\/v2\/users\/2"}],"replies":[{"embeddable":true,"href":"https:\/\/zonaroja.com.mx\/index.php?rest_route=%2Fwp%2Fv2%2Fcomments&post=60887"}],"version-history":[{"count":1,"href":"https:\/\/zonaroja.com.mx\/index.php?rest_route=\/wp\/v2\/posts\/60887\/revisions"}],"predecessor-version":[{"id":60889,"href":"https:\/\/zonaroja.com.mx\/index.php?rest_route=\/wp\/v2\/posts\/60887\/revisions\/60889"}],"wp:featuredmedia":[{"embeddable":true,"href":"https:\/\/zonaroja.com.mx\/index.php?rest_route=\/wp\/v2\/media\/60888"}],"wp:attachment":[{"href":"https:\/\/zonaroja.com.mx\/index.php?rest_route=%2Fwp%2Fv2%2Fmedia&parent=60887"}],"wp:term":[{"taxonomy":"category","embeddable":true,"href":"https:\/\/zonaroja.com.mx\/index.php?rest_route=%2Fwp%2Fv2%2Fcategories&post=60887"},{"taxonomy":"post_tag","embeddable":true,"href":"https:\/\/zonaroja.com.mx\/index.php?rest_route=%2Fwp%2Fv2%2Ftags&post=60887"}],"curies":[{"name":"wp","href":"https:\/\/api.w.org\/{rel}","templated":true}]}}