{"id":60890,"date":"2023-10-12T11:30:00","date_gmt":"2023-10-12T16:30:00","guid":{"rendered":"http:\/\/www.zonaroja.com.mx\/?p=60890"},"modified":"2023-10-12T08:59:52","modified_gmt":"2023-10-12T13:59:52","slug":"secuestra-grupo-armado-a-60-campesinos-en-chiapas","status":"publish","type":"post","link":"https:\/\/zonaroja.com.mx\/?p=60890","title":{"rendered":"Secuestra grupo armado a 60 campesinos en Chiapas"},"content":{"rendered":"\n<p>Redacci\u00f3n\/Zona Roja Cdmx.<\/p>\n\n\n\n<p>Ciudad de M\u00e9xico, a 12 de octubre de 2023.- Autoridades de Chiapas investigan el secuestro de 60 ejidatarios en el municipio de&nbsp;Altamirano, presuntamente a manos de&nbsp;un grupo armado.<\/p>\n\n\n\n<p>Seg\u00fan medios locales, un grupo de aproximadamente 130 personas que forman parte de la comitiva ejidal de Altamirano hab\u00edan acudido a Tuxtla Guti\u00e9rrez para sostener una reuni\u00f3n con autoridades del Gobierno estatal. A su regreso, fueron interceptados por un grupo armado a la altura del crucero de Mendoza, en el tramo Chanal-Altamirano,<\/p>\n\n\n\n<p>Algunas personas pudieron escapar por las monta\u00f1as, sin embargo, el grupo armado logr\u00f3 secuestrar a 60 personas. Se apunt\u00f3 que entre las v\u00edctimas se encuentra el comisariado ejidal Rogelio Hern\u00e1ndez G\u00f3mez.<\/p>\n\n\n\n<p>Se presume que quienes realizaron estos secuestros ser\u00edan miembros del grupo paramilitar 14 de Agosto, pero hasta el momento la agrupaci\u00f3n no ha hecho ning\u00fan pronunciamiento al respecto.<\/p>\n\n\n\n<p>El Gobierno de Chiapas anunci\u00f3 este mi\u00e9rcoles que, como parte de las estrategias acordadas en la Mesa de Seguridad Estatal, desde la noche del martes 10 de octubre m\u00e1s de 150 efectivos estatales reforzaron la presencia policial en Altamirano con el objetivo de coadyuvar en hacer prevalecer la paz en la poblaci\u00f3n de ese municipio, \u201cen el que dos grupos mantienen un conflicto de tipo pol\u00edtico-social\u201d.<\/p>\n\n\n\n<p>\u201cEl Gobierno de Chiapas exhorta a las dos partes en conflicto a canalizar de manera legal sus demandas ante las instituciones correspondientes a efecto de no afectar a la ciudadan\u00eda de Altamirano\u201d, resalt\u00f3.<\/p>\n\n\n\n<p>\u201cAsimismo, con relaci\u00f3n a los hechos ocurridos la tarde del martes sobre la retenci\u00f3n de habitantes de Altamirano, se informa que instancias del Gobierno de Chiapas colaboran y coadyuvan con la Fiscal\u00eda General del Estado para la atenci\u00f3n correspondiente\u201d, indic\u00f3 en un comunicado.<\/p>\n\n\n\n<p>(Con informaci\u00f3n de \u201cEl Heraldo\u201d de Chiapas y L\u00f3pez-D\u00f3riga Digital)<\/p>\n","protected":false},"excerpt":{"rendered":"<p>Redacci\u00f3n\/Zona Roja Cdmx. Ciudad de M\u00e9xico, a 12 de octubre de 2023.- Autoridades de Chiapas&hellip;<\/p>\n","protected":false},"author":2,"featured_media":60891,"comment_status":"closed","ping_status":"open","sticky":false,"template":"","format":"standard","meta":{"_lmt_disableupdate":"","_lmt_disable":"","_jetpack_memberships_contains_paid_content":false,"footnotes":""},"categories":[109,47],"tags":[3686],"class_list":["post-60890","post","type-post","status-publish","format-standard","has-post-thumbnail","hentry","category-minuto-a-minuto","category-zona-gris","tag-crimen-organizado-en-chiapas"],"jetpack_featured_media_url":"https:\/\/zonaroja.com.mx\/wp-content\/uploads\/2023\/10\/Chiapas-Altamirano-secuestro-.jpeg","jetpack_sharing_enabled":true,"_links":{"self":[{"href":"https:\/\/zonaroja.com.mx\/index.php?rest_route=\/wp\/v2\/posts\/60890","targetHints":{"allow":["GET"]}}],"collection":[{"href":"https:\/\/zonaroja.com.mx\/index.php?rest_route=\/wp\/v2\/posts"}],"about":[{"href":"https:\/\/zonaroja.com.mx\/index.php?rest_route=\/wp\/v2\/types\/post"}],"author":[{"embeddable":true,"href":"https:\/\/zonaroja.com.mx\/index.php?rest_route=\/wp\/v2\/users\/2"}],"replies":[{"embeddable":true,"href":"https:\/\/zonaroja.com.mx\/index.php?rest_route=%2Fwp%2Fv2%2Fcomments&post=60890"}],"version-history":[{"count":1,"href":"https:\/\/zonaroja.com.mx\/index.php?rest_route=\/wp\/v2\/posts\/60890\/revisions"}],"predecessor-version":[{"id":60892,"href":"https:\/\/zonaroja.com.mx\/index.php?rest_route=\/wp\/v2\/posts\/60890\/revisions\/60892"}],"wp:featuredmedia":[{"embeddable":true,"href":"https:\/\/zonaroja.com.mx\/index.php?rest_route=\/wp\/v2\/media\/60891"}],"wp:attachment":[{"href":"https:\/\/zonaroja.com.mx\/index.php?rest_route=%2Fwp%2Fv2%2Fmedia&parent=60890"}],"wp:term":[{"taxonomy":"category","embeddable":true,"href":"https:\/\/zonaroja.com.mx\/index.php?rest_route=%2Fwp%2Fv2%2Fcategories&post=60890"},{"taxonomy":"post_tag","embeddable":true,"href":"https:\/\/zonaroja.com.mx\/index.php?rest_route=%2Fwp%2Fv2%2Ftags&post=60890"}],"curies":[{"name":"wp","href":"https:\/\/api.w.org\/{rel}","templated":true}]}}