{"id":60893,"date":"2023-10-12T13:00:00","date_gmt":"2023-10-12T18:00:00","guid":{"rendered":"http:\/\/www.zonaroja.com.mx\/?p=60893"},"modified":"2023-10-12T09:12:12","modified_gmt":"2023-10-12T14:12:12","slug":"vinculan-a-proceso-a-sujeto-acusado-como-deudor-alimentario","status":"publish","type":"post","link":"https:\/\/zonaroja.com.mx\/?p=60893","title":{"rendered":"Vinculan a proceso a sujeto acusado como deudor alimentario"},"content":{"rendered":"\n<p>Redacci\u00f3n\/Zona Roja.&nbsp;<\/p>\n\n\n\n<p>Oaxaca de Ju\u00e1rez, Oax., a 12 de octubre de 2023.- Como parte del trabajo de la Fiscal\u00eda General del Estado de Oaxaca (FGEO) para garantizar los derechos de ni\u00f1as, ni\u00f1os y adolescentes, se obtuvo un auto de vinculaci\u00f3n a proceso en contra de Y.A.R.H., por el delito de incumplimiento de obligaciones alimentarias, cometido en la regi\u00f3n de las Valles Centrales.<\/p>\n\n\n\n<p>Dentro del expediente penal del caso, consta que, luego de terminar legalmente su matrimonio, mediante un acuerdo fechado el 30 de noviembre de 2022, la Juez Sexto de lo Familiar del distrito judicial del centro fij\u00f3 la pensi\u00f3n alimenticia a favor de la v\u00edctima (ni\u00f1o, hijo del imputado).<\/p>\n\n\n\n<p>Sin embargo, el imputado incumpli\u00f3 con las obligaciones alimentarias establecidas, motivo por el cual, se present\u00f3 una denuncia ante la Fiscal\u00eda Especializada para la Atenci\u00f3n a Delitos Contra la Mujer por Raz\u00f3n de la G\u00e9nero de la FGEO, misma que inici\u00f3 con las investigaciones correspondientes.<\/p>\n\n\n\n<p>Tras realizar las labores ministeriales con perspectiva de g\u00e9nero, la FGEO present\u00f3 al imputado ante el Juez, quien luego de evaluar las pruebas, dict\u00f3 auto de vinculaci\u00f3n a proceso, otorgando tres meses para el cierre de la investigaci\u00f3n.<\/p>\n\n\n\n<p>La Fiscal\u00eda de Oaxaca realiza trabajos en colaboraci\u00f3n con los Juzgados Familiares en los procesos de procuraci\u00f3n de justicia, cuando se detectan, identifican y comprueban incumplimiento a los acuerdos establecidos, que afectan a ni\u00f1as, ni\u00f1os y adolescentes.<\/p>\n","protected":false},"excerpt":{"rendered":"<p>Redacci\u00f3n\/Zona Roja.&nbsp; Oaxaca de Ju\u00e1rez, Oax., a 12 de octubre de 2023.- Como parte del&hellip;<\/p>\n","protected":false},"author":2,"featured_media":33422,"comment_status":"closed","ping_status":"open","sticky":false,"template":"","format":"standard","meta":{"_lmt_disableupdate":"","_lmt_disable":"","_jetpack_memberships_contains_paid_content":false,"footnotes":""},"categories":[109,46],"tags":[494],"class_list":["post-60893","post","type-post","status-publish","format-standard","has-post-thumbnail","hentry","category-minuto-a-minuto","category-zona-blanca","tag-fiscalia-general-del-estado-de-oaxaca"],"jetpack_featured_media_url":"https:\/\/zonaroja.com.mx\/wp-content\/uploads\/2021\/10\/Deudores-alimentarios.jpg","jetpack_sharing_enabled":true,"_links":{"self":[{"href":"https:\/\/zonaroja.com.mx\/index.php?rest_route=\/wp\/v2\/posts\/60893","targetHints":{"allow":["GET"]}}],"collection":[{"href":"https:\/\/zonaroja.com.mx\/index.php?rest_route=\/wp\/v2\/posts"}],"about":[{"href":"https:\/\/zonaroja.com.mx\/index.php?rest_route=\/wp\/v2\/types\/post"}],"author":[{"embeddable":true,"href":"https:\/\/zonaroja.com.mx\/index.php?rest_route=\/wp\/v2\/users\/2"}],"replies":[{"embeddable":true,"href":"https:\/\/zonaroja.com.mx\/index.php?rest_route=%2Fwp%2Fv2%2Fcomments&post=60893"}],"version-history":[{"count":1,"href":"https:\/\/zonaroja.com.mx\/index.php?rest_route=\/wp\/v2\/posts\/60893\/revisions"}],"predecessor-version":[{"id":60894,"href":"https:\/\/zonaroja.com.mx\/index.php?rest_route=\/wp\/v2\/posts\/60893\/revisions\/60894"}],"wp:featuredmedia":[{"embeddable":true,"href":"https:\/\/zonaroja.com.mx\/index.php?rest_route=\/wp\/v2\/media\/33422"}],"wp:attachment":[{"href":"https:\/\/zonaroja.com.mx\/index.php?rest_route=%2Fwp%2Fv2%2Fmedia&parent=60893"}],"wp:term":[{"taxonomy":"category","embeddable":true,"href":"https:\/\/zonaroja.com.mx\/index.php?rest_route=%2Fwp%2Fv2%2Fcategories&post=60893"},{"taxonomy":"post_tag","embeddable":true,"href":"https:\/\/zonaroja.com.mx\/index.php?rest_route=%2Fwp%2Fv2%2Ftags&post=60893"}],"curies":[{"name":"wp","href":"https:\/\/api.w.org\/{rel}","templated":true}]}}