{"id":60899,"date":"2023-10-12T17:04:10","date_gmt":"2023-10-12T22:04:10","guid":{"rendered":"http:\/\/www.zonaroja.com.mx\/?p=60899"},"modified":"2023-10-12T17:04:12","modified_gmt":"2023-10-12T22:04:12","slug":"confirman-la-liberacion-de-presidenta-municipal-de-comunidad-de-oaxaca","status":"publish","type":"post","link":"https:\/\/zonaroja.com.mx\/?p=60899","title":{"rendered":"Confirman la liberaci\u00f3n de presidenta municipal de comunidad de Oaxaca"},"content":{"rendered":"\n<p>Redacci\u00f3n\/Zona Roja.&nbsp;<\/p>\n\n\n\n<p>Oaxaca de Ju\u00e1rez, Oax., a 12 de octubre de 2023.- La Secretar\u00eda General de Gobierno (Sego) de Oaxaca, confirm\u00f3 la liberaci\u00f3n de la presidenta municipal de Asunci\u00f3n Ocotl\u00e1n, Concepci\u00f3n Garc\u00eda Garc\u00eda.<\/p>\n\n\n\n<p>En un comunicado, expuso que \u201cdesde el primer momento, a trav\u00e9s de la Coordinaci\u00f3n de Delegados de Paz y sus representantes en la zona, Adriana Rodr\u00edguez Santos y Hugo Salgado Delgado, ofreci\u00f3 ser interlocutora entre las autoridades municipales y un grupo de personas inconformes para la resoluci\u00f3n del conflicto interno que persiste en el lugar\u201d.<\/p>\n\n\n\n<p>Indic\u00f3 que personal de la dependencia acudi\u00f3 al lugar, con la finalidad de salvaguardar la integridad f\u00edsica de la alcaldesa, en donde \u201cconstat\u00f3 que se respetaron en todo momento sus derechos\u201d.<\/p>\n\n\n\n<p>Expuso que convoc\u00f3 a los actores involucrados a solucionar sus diferencias sin incurrir en actos que vulneren los derechos humanos de las personas.<\/p>\n\n\n\n<p>\u201cEn seguimiento, tras ser liberada, la edil fue acompa\u00f1ada por la Delegada de Paz a la instituci\u00f3n respectiva para certificar que se encuentra en buen estado de salud\u201d.<\/p>\n","protected":false},"excerpt":{"rendered":"<p>Redacci\u00f3n\/Zona Roja.&nbsp; Oaxaca de Ju\u00e1rez, Oax., a 12 de octubre de 2023.- La Secretar\u00eda General&hellip;<\/p>\n","protected":false},"author":2,"featured_media":60900,"comment_status":"closed","ping_status":"open","sticky":false,"template":"","format":"standard","meta":{"_lmt_disableupdate":"","_lmt_disable":"","_jetpack_memberships_contains_paid_content":false,"footnotes":""},"categories":[109,46],"tags":[3700],"class_list":["post-60899","post","type-post","status-publish","format-standard","has-post-thumbnail","hentry","category-minuto-a-minuto","category-zona-blanca","tag-asuncion-ocotlan"],"jetpack_featured_media_url":"https:\/\/zonaroja.com.mx\/wp-content\/uploads\/2023\/10\/Concepcion-Garcia-Asuncion-Ocotlan.jpg","jetpack_sharing_enabled":true,"_links":{"self":[{"href":"https:\/\/zonaroja.com.mx\/index.php?rest_route=\/wp\/v2\/posts\/60899","targetHints":{"allow":["GET"]}}],"collection":[{"href":"https:\/\/zonaroja.com.mx\/index.php?rest_route=\/wp\/v2\/posts"}],"about":[{"href":"https:\/\/zonaroja.com.mx\/index.php?rest_route=\/wp\/v2\/types\/post"}],"author":[{"embeddable":true,"href":"https:\/\/zonaroja.com.mx\/index.php?rest_route=\/wp\/v2\/users\/2"}],"replies":[{"embeddable":true,"href":"https:\/\/zonaroja.com.mx\/index.php?rest_route=%2Fwp%2Fv2%2Fcomments&post=60899"}],"version-history":[{"count":1,"href":"https:\/\/zonaroja.com.mx\/index.php?rest_route=\/wp\/v2\/posts\/60899\/revisions"}],"predecessor-version":[{"id":60901,"href":"https:\/\/zonaroja.com.mx\/index.php?rest_route=\/wp\/v2\/posts\/60899\/revisions\/60901"}],"wp:featuredmedia":[{"embeddable":true,"href":"https:\/\/zonaroja.com.mx\/index.php?rest_route=\/wp\/v2\/media\/60900"}],"wp:attachment":[{"href":"https:\/\/zonaroja.com.mx\/index.php?rest_route=%2Fwp%2Fv2%2Fmedia&parent=60899"}],"wp:term":[{"taxonomy":"category","embeddable":true,"href":"https:\/\/zonaroja.com.mx\/index.php?rest_route=%2Fwp%2Fv2%2Fcategories&post=60899"},{"taxonomy":"post_tag","embeddable":true,"href":"https:\/\/zonaroja.com.mx\/index.php?rest_route=%2Fwp%2Fv2%2Ftags&post=60899"}],"curies":[{"name":"wp","href":"https:\/\/api.w.org\/{rel}","templated":true}]}}