{"id":6090,"date":"2019-11-26T08:27:48","date_gmt":"2019-11-26T14:27:48","guid":{"rendered":"http:\/\/www.zonaroja.com.mx\/?p=6090"},"modified":"2019-11-26T08:27:51","modified_gmt":"2019-11-26T14:27:51","slug":"mas-de-50-agresiones-a-mujeres-periodistas-en-mexico-en-medio-ano-de-2019","status":"publish","type":"post","link":"https:\/\/zonaroja.com.mx\/?p=6090","title":{"rendered":"M\u00e1s de 50 agresiones a mujeres periodistas en M\u00e9xico en medio a\u00f1o de 2019"},"content":{"rendered":"\n<p>Evlin Arag\u00f3n\/Zona Roja.<\/p>\n\n\n\n<p>Oaxaca de Ju\u00e1rez, Oax., 26 de noviembre\nde 2019.- En el marco del D\u00eda Internacional de la Eliminaci\u00f3n de la Violencia contra\nla Mujer, la organizaci\u00f3n civil Art\u00edculo 19 dio a conocer que durante el primer\nsemestre de este 2019 documentaron 56 casos de agresiones a mujeres periodistas\nen M\u00e9xico, de las cuales 10 tienen componente de g\u00e9nero.<\/p>\n\n\n\n<p>As\u00ed lo dio a conocer Itzia Miravete,\ncoordinadora de Documentaci\u00f3n y Seguimiento de Casos, quien asegur\u00f3 que los\nestados m\u00e1s peligrosos para que las mujeres ejerzan el oficio son Ciudad de\nM\u00e9xico, Coahuila, Baja California y Morelos, seguidos de Puebla, Guanajuato, Tamaulipas\ny Veracruz.<\/p>\n\n\n\n<p>De acuerdo con la organizaci\u00f3n, dentro\nde las agresiones registradas en el primer semestre del a\u00f1o se encuentra el\nasesinato de la periodista Norma Sarabia trabajadora del diario diario \u201cTabasco\nHoy\u201d, quien fue atacada en la puerta de su casa por hombres armados.<\/p>\n\n\n\n<p>Aunado a las agresiones registradas,\ndiez de \u00e9stas cuentan con un componente de g\u00e9nero esto implica que los\nagresores han buscado restar la credibilidad de las periodistas o cuestionar el\nrol que tienen dentro de la sociedad a partir de vincularlas sentimentalmente\ncon alg\u00fan actor o funcionario p\u00fablico, adem\u00e1s de las cr\u00edticas hacia su imagen.<\/p>\n\n\n\n<p>\u201cLas periodistas que han sido m\u00e1s\nagredidas son las reporteras, as\u00ed mismo es importante decir que los principales\nagresores identificados son funcionarios p\u00fablicos seguidos por particulares,\ndelincuencia organizada y partidos pol\u00edticos\u201d, sentenci\u00f3 la activista.<\/p>\n\n\n\n<p>En este sentido, explic\u00f3 que 15 de las\nagresiones se realizaron en el entorno digital por lo que no ha sido posible\nidentificar a los perpetradores de la violencia hacia las periodistas en esos\ncasos.<\/p>\n\n\n\n<p>Por lo anterior exigi\u00f3 que las\nautoridades encargadas de prevenir, proteger, investigar, sancionar y reparar\nel da\u00f1o garanticen una perspectiva de g\u00e9nero de manera transversal en sus\nprocedimientos para evitar la revictimizaci\u00f3n de las mujeres.<\/p>\n\n\n\n<p>\u201cLas mujeres periodistas y las mujeres\nen general necesitamos un correcto acceso a la justicia, a la verdad y la\nmemoria\u201d, concluy\u00f3.<\/p>\n\n\n\n<p>La violencia en contra de las\nperiodistas tambi\u00e9n ha sido documentada por la asociaci\u00f3n civil Comunicaci\u00f3n e\nInformaci\u00f3n de la Mujer (CIMAC), asegurando que durante el sexenio de Enrique\nPe\u00f1a Nieto 54 mujeres que trabajaban en los medios de comunicaci\u00f3n de Oaxaca.<\/p>\n\n\n\n<p>De acuerdo con la asociaci\u00f3n la entidad\noaxaque\u00f1a se ubic\u00f3 entre cinco estados donde el periodismo es una profesi\u00f3n de\nalto riesgo para las mujeres, \u00fanicamente por debajo de Ciudad de M\u00e9xico,\nPuebla, Veracruz y&nbsp; Coahuila, en la\nmayor\u00eda de los casos las periodistas se han enfrentado a campa\u00f1as de difamaci\u00f3n\ny desprestigio en el espacio p\u00fablico.<\/p>\n","protected":false},"excerpt":{"rendered":"<p>Evlin Arag\u00f3n\/Zona Roja. Oaxaca de Ju\u00e1rez, Oax., 26 de noviembre de 2019.- En el marco&hellip;<\/p>\n","protected":false},"author":2,"featured_media":3370,"comment_status":"closed","ping_status":"open","sticky":false,"template":"","format":"standard","meta":{"_lmt_disableupdate":"","_lmt_disable":"","_jetpack_memberships_contains_paid_content":false,"footnotes":""},"categories":[109,51],"tags":[641],"class_list":["post-6090","post","type-post","status-publish","format-standard","has-post-thumbnail","hentry","category-minuto-a-minuto","category-zona-roja","tag-agresiones-a-periodistas-oaxaca"],"jetpack_featured_media_url":"https:\/\/zonaroja.com.mx\/wp-content\/uploads\/2019\/08\/prensa-3-1.png","jetpack_sharing_enabled":true,"_links":{"self":[{"href":"https:\/\/zonaroja.com.mx\/index.php?rest_route=\/wp\/v2\/posts\/6090","targetHints":{"allow":["GET"]}}],"collection":[{"href":"https:\/\/zonaroja.com.mx\/index.php?rest_route=\/wp\/v2\/posts"}],"about":[{"href":"https:\/\/zonaroja.com.mx\/index.php?rest_route=\/wp\/v2\/types\/post"}],"author":[{"embeddable":true,"href":"https:\/\/zonaroja.com.mx\/index.php?rest_route=\/wp\/v2\/users\/2"}],"replies":[{"embeddable":true,"href":"https:\/\/zonaroja.com.mx\/index.php?rest_route=%2Fwp%2Fv2%2Fcomments&post=6090"}],"version-history":[{"count":1,"href":"https:\/\/zonaroja.com.mx\/index.php?rest_route=\/wp\/v2\/posts\/6090\/revisions"}],"predecessor-version":[{"id":6091,"href":"https:\/\/zonaroja.com.mx\/index.php?rest_route=\/wp\/v2\/posts\/6090\/revisions\/6091"}],"wp:featuredmedia":[{"embeddable":true,"href":"https:\/\/zonaroja.com.mx\/index.php?rest_route=\/wp\/v2\/media\/3370"}],"wp:attachment":[{"href":"https:\/\/zonaroja.com.mx\/index.php?rest_route=%2Fwp%2Fv2%2Fmedia&parent=6090"}],"wp:term":[{"taxonomy":"category","embeddable":true,"href":"https:\/\/zonaroja.com.mx\/index.php?rest_route=%2Fwp%2Fv2%2Fcategories&post=6090"},{"taxonomy":"post_tag","embeddable":true,"href":"https:\/\/zonaroja.com.mx\/index.php?rest_route=%2Fwp%2Fv2%2Ftags&post=6090"}],"curies":[{"name":"wp","href":"https:\/\/api.w.org\/{rel}","templated":true}]}}