{"id":60902,"date":"2023-10-12T17:07:05","date_gmt":"2023-10-12T22:07:05","guid":{"rendered":"http:\/\/www.zonaroja.com.mx\/?p=60902"},"modified":"2023-10-12T17:07:07","modified_gmt":"2023-10-12T22:07:07","slug":"detienen-en-chiapas-a-istmena-que-intento-matar-a-su-hijo","status":"publish","type":"post","link":"https:\/\/zonaroja.com.mx\/?p=60902","title":{"rendered":"Detienen en Chiapas a istme\u00f1a que intent\u00f3 matar a su hijo"},"content":{"rendered":"\n<p>Redacci\u00f3n\/Zona Roja.&nbsp;<\/p>\n\n\n\n<p>Oaxaca de Ju\u00e1rez, Oax., a 12 de octubre de 2023.- La Fiscal\u00eda General del Estado de Oaxaca (FGEO), en coordinaci\u00f3n con la Fiscal\u00eda General del Estado de Chiapas, localizaron y ejecutaron una orden de aprehensi\u00f3n contra una mujer identificada como A. G. M. M., alias \u201cLa G\u00fcera\u201d, por el delito de Tentativa de Homicidio en agravio de un beb\u00e9 (su hijo), cometido en la regi\u00f3n del Istmo de Tehuantepec.<\/p>\n\n\n\n<p>Como consta en el expediente penal del caso, los hechos sucedieron el 31 de enero de 2021, cuando A. G. M. M. y la v\u00edctima de un a\u00f1o y medio de edad (cuya identidad est\u00e1 reservada por ley), se encontraban al interior de su domicilio localizado en la colonia Istme\u00f1a del puerto de Salina Cruz.<\/p>\n\n\n\n<p>Otra persona que estaba en el lugar, observ\u00f3 cuando asfixiaba&nbsp;al beb\u00e9, por lo que solicit\u00f3 ayuda para detener la agresi\u00f3n.<\/p>\n\n\n\n<p>Cuando la FGEO tom\u00f3 conocimiento de los hechos, iniciaron las investigaciones que est\u00e1n a cargo de la Vicefiscal\u00eda Regional del Istmo, la cual obtuvo una orden de aprehensi\u00f3n por la probable responsabilidad y autor\u00eda de los hechos.<\/p>\n\n\n\n<p>Luego de rastrear el paradero de la imputada, se establecieron las v\u00edas de colaboraci\u00f3n efectiva entre la Fiscal\u00eda de Oaxaca y la de Chiapas para dar cumplimiento al mandato judicial, A. G. M. M. pues fue localizada en dicho estado.<\/p>\n\n\n\n<p>En un operativo coordinado con elementos de la Agencia Estatal de Investigaciones (AEI) de ambas entidades, se logr\u00f3 la detenci\u00f3n de\u00a0 A. G. M. M., alias \u201cLa G\u00fcera\u201d, quien ser\u00e1 trasladada en las pr\u00f3ximas horas al estado de Oaxaca para quedar a disposici\u00f3n de la autoridad correspondiente para resolver su situaci\u00f3n jur\u00eddica en las pr\u00f3ximas horas.<\/p>\n\n\n\n<p>La Fiscal\u00eda de Oaxaca da seguimiento puntual a los casos, especialmente cuando las conductas criminales atentan contra la integridad y derechos de ni\u00f1as, ni\u00f1os y adolescentes, para que las v\u00edctimas tengan pleno acceso a la justicia.<\/p>\n","protected":false},"excerpt":{"rendered":"<p>Redacci\u00f3n\/Zona Roja.&nbsp; Oaxaca de Ju\u00e1rez, Oax., a 12 de octubre de 2023.- La Fiscal\u00eda General&hellip;<\/p>\n","protected":false},"author":2,"featured_media":60903,"comment_status":"closed","ping_status":"open","sticky":false,"template":"","format":"standard","meta":{"_lmt_disableupdate":"","_lmt_disable":"","_jetpack_memberships_contains_paid_content":false,"footnotes":""},"categories":[109,46],"tags":[494],"class_list":["post-60902","post","type-post","status-publish","format-standard","has-post-thumbnail","hentry","category-minuto-a-minuto","category-zona-blanca","tag-fiscalia-general-del-estado-de-oaxaca"],"jetpack_featured_media_url":"https:\/\/zonaroja.com.mx\/wp-content\/uploads\/2023\/10\/Detenida-Fiscalia-Oaxaca.jpg","jetpack_sharing_enabled":true,"_links":{"self":[{"href":"https:\/\/zonaroja.com.mx\/index.php?rest_route=\/wp\/v2\/posts\/60902","targetHints":{"allow":["GET"]}}],"collection":[{"href":"https:\/\/zonaroja.com.mx\/index.php?rest_route=\/wp\/v2\/posts"}],"about":[{"href":"https:\/\/zonaroja.com.mx\/index.php?rest_route=\/wp\/v2\/types\/post"}],"author":[{"embeddable":true,"href":"https:\/\/zonaroja.com.mx\/index.php?rest_route=\/wp\/v2\/users\/2"}],"replies":[{"embeddable":true,"href":"https:\/\/zonaroja.com.mx\/index.php?rest_route=%2Fwp%2Fv2%2Fcomments&post=60902"}],"version-history":[{"count":1,"href":"https:\/\/zonaroja.com.mx\/index.php?rest_route=\/wp\/v2\/posts\/60902\/revisions"}],"predecessor-version":[{"id":60904,"href":"https:\/\/zonaroja.com.mx\/index.php?rest_route=\/wp\/v2\/posts\/60902\/revisions\/60904"}],"wp:featuredmedia":[{"embeddable":true,"href":"https:\/\/zonaroja.com.mx\/index.php?rest_route=\/wp\/v2\/media\/60903"}],"wp:attachment":[{"href":"https:\/\/zonaroja.com.mx\/index.php?rest_route=%2Fwp%2Fv2%2Fmedia&parent=60902"}],"wp:term":[{"taxonomy":"category","embeddable":true,"href":"https:\/\/zonaroja.com.mx\/index.php?rest_route=%2Fwp%2Fv2%2Fcategories&post=60902"},{"taxonomy":"post_tag","embeddable":true,"href":"https:\/\/zonaroja.com.mx\/index.php?rest_route=%2Fwp%2Fv2%2Ftags&post=60902"}],"curies":[{"name":"wp","href":"https:\/\/api.w.org\/{rel}","templated":true}]}}