{"id":60911,"date":"2023-10-13T07:42:02","date_gmt":"2023-10-13T12:42:02","guid":{"rendered":"http:\/\/www.zonaroja.com.mx\/?p=60911"},"modified":"2023-10-13T07:42:04","modified_gmt":"2023-10-13T12:42:04","slug":"caida-de-helicoptero-de-sedena-en-durango-deja-tres-muertos","status":"publish","type":"post","link":"https:\/\/zonaroja.com.mx\/?p=60911","title":{"rendered":"Ca\u00edda de helic\u00f3ptero de Sedena en Durango deja tres muertos"},"content":{"rendered":"\n<p>Redacci\u00f3n\/Zona Roja Cdmx.<\/p>\n\n\n\n<p>Ciudad de M\u00e9xico, a 13 de octubre de 2023.- Un helic\u00f3ptero Bell 412 de la Secretar\u00eda de la Defensa Nacional se desplom\u00f3 ayer en el municipio de Topia, ubicado en la sierra de Durango, y se confirm\u00f3 que el accidente dej\u00f3 tres muertos, los dos pilotos y un elemento de tropa.<\/p>\n\n\n\n<p>Si bien mandos de las fuerzas armadas mantuvieron hermetismo sobre el siniestro y al cierre de la edici\u00f3n se desconoc\u00edan los pormenores de c\u00f3mo cay\u00f3 la aeronave, se sabe que el incidente sucedi\u00f3 en la comunidad de Ventoso, en las quebradas del municipio de Topia, donde se localiz\u00f3 el helic\u00f3ptero, pero se ignora si el aparato estaba despegando, aterrizando o volando bajo.<\/p>\n\n\n\n<p>No se proporcion\u00f3 mayor informaci\u00f3n de lo sucedido a personal de la fiscal\u00eda estatal ni de la Coordinaci\u00f3n Estatal de Protecci\u00f3n Civil (CEPC), si bien estas instituciones confirmaron los decesos de tres personas y que el percance dej\u00f3 un numero no precisado de heridos.<\/p>\n\n\n\n<p>Los primeros en llegar fueron efectivos militares, a bordo de helic\u00f3pteros Black Hawk, para trasladar a los heridos a Culiac\u00e1n, Sinaloa. Por eso, cuando arribaron elementos de la fiscal\u00eda y de la CEPC no vieron cu\u00e1ntos lesionados hubo ni su gravedad.<\/p>\n\n\n\n<p>(Informaci\u00f3n de \u201cLa Jornada\u201d)<\/p>\n","protected":false},"excerpt":{"rendered":"<p>Redacci\u00f3n\/Zona Roja Cdmx. Ciudad de M\u00e9xico, a 13 de octubre de 2023.- Un helic\u00f3ptero Bell&hellip;<\/p>\n","protected":false},"author":2,"featured_media":60912,"comment_status":"closed","ping_status":"open","sticky":false,"template":"","format":"standard","meta":{"_lmt_disableupdate":"","_lmt_disable":"","_jetpack_memberships_contains_paid_content":false,"footnotes":""},"categories":[109,47],"tags":[],"class_list":["post-60911","post","type-post","status-publish","format-standard","has-post-thumbnail","hentry","category-minuto-a-minuto","category-zona-gris"],"jetpack_featured_media_url":"https:\/\/zonaroja.com.mx\/wp-content\/uploads\/2023\/10\/Helicoptero-Sedena-.webp","jetpack_sharing_enabled":true,"_links":{"self":[{"href":"https:\/\/zonaroja.com.mx\/index.php?rest_route=\/wp\/v2\/posts\/60911","targetHints":{"allow":["GET"]}}],"collection":[{"href":"https:\/\/zonaroja.com.mx\/index.php?rest_route=\/wp\/v2\/posts"}],"about":[{"href":"https:\/\/zonaroja.com.mx\/index.php?rest_route=\/wp\/v2\/types\/post"}],"author":[{"embeddable":true,"href":"https:\/\/zonaroja.com.mx\/index.php?rest_route=\/wp\/v2\/users\/2"}],"replies":[{"embeddable":true,"href":"https:\/\/zonaroja.com.mx\/index.php?rest_route=%2Fwp%2Fv2%2Fcomments&post=60911"}],"version-history":[{"count":1,"href":"https:\/\/zonaroja.com.mx\/index.php?rest_route=\/wp\/v2\/posts\/60911\/revisions"}],"predecessor-version":[{"id":60913,"href":"https:\/\/zonaroja.com.mx\/index.php?rest_route=\/wp\/v2\/posts\/60911\/revisions\/60913"}],"wp:featuredmedia":[{"embeddable":true,"href":"https:\/\/zonaroja.com.mx\/index.php?rest_route=\/wp\/v2\/media\/60912"}],"wp:attachment":[{"href":"https:\/\/zonaroja.com.mx\/index.php?rest_route=%2Fwp%2Fv2%2Fmedia&parent=60911"}],"wp:term":[{"taxonomy":"category","embeddable":true,"href":"https:\/\/zonaroja.com.mx\/index.php?rest_route=%2Fwp%2Fv2%2Fcategories&post=60911"},{"taxonomy":"post_tag","embeddable":true,"href":"https:\/\/zonaroja.com.mx\/index.php?rest_route=%2Fwp%2Fv2%2Ftags&post=60911"}],"curies":[{"name":"wp","href":"https:\/\/api.w.org\/{rel}","templated":true}]}}