{"id":60919,"date":"2023-10-13T10:30:00","date_gmt":"2023-10-13T15:30:00","guid":{"rendered":"http:\/\/www.zonaroja.com.mx\/?p=60919"},"modified":"2023-10-13T08:41:56","modified_gmt":"2023-10-13T13:41:56","slug":"polemica-por-cerro-del-fortin-llega-a-agresiones-y-amenazas-a-periodistas","status":"publish","type":"post","link":"https:\/\/zonaroja.com.mx\/?p=60919","title":{"rendered":"Pol\u00e9mica por cerro del \u201cFort\u00edn\u00bb llega a agresiones y amenazas a periodistas"},"content":{"rendered":"\n<p>Ismael Garc\u00eda M.\/Zona Roja.<\/p>\n\n\n\n<p>Oaxaca de Ju\u00e1rez, Oax., a 13 de octubre de 2023.- \u201c\u00a1Pinches periodistas, qui\u00e9n les paga! \u00a1Digan la verdad! \u00a1Chayoteros!\u201d.<\/p>\n\n\n\n<p>La irritaci\u00f3n por la preservaci\u00f3n del entorno natural de los cerros del \u201cFort\u00edn\u201d y del \u201cCrest\u00f3n\u201d lleg\u00f3 a las amenazas y los insultos, frente a la pasividad de la autoridad municipal.<\/p>\n\n\n\n<p>Ayer, tras amplia discusi\u00f3n, el Cabildo de Oaxaca de Ju\u00e1rez aprob\u00f3 por mayor\u00eda, turnar a comisiones un pol\u00e9mico Punto de Acuerdo presentado por el regidor P\u00e1vel L\u00f3pez G\u00f3mez, para regular el uso de suelo en dichas zonas, pero que, seg\u00fan los ambientalistas, da\u00f1ar\u00eda la zona natural.<\/p>\n\n\n\n<p>El conflicto, aunque tiene varios a\u00f1os, se agudiz\u00f3 ayer por la ma\u00f1ana, en que Carlos Morales, de la asociaci\u00f3n civil \u201cColmillo Blanco\u201d, arrib\u00f3 para denunciar que la autoridad municipal pretende retirar un decreto por el cual se reactivar\u00eda el aval del uso de suelo y, en consecuencia, traer\u00eda una mayor crecimiento de la mancha urbana.<\/p>\n\n\n\n<p>Justo en ello, arrib\u00f3 otro reducido grupo de personas, supuestos habitantes de las agencias de Guadalupe Victoria y San Felipe del Agua, que recriminaron al declarante pero tambi\u00e9n recriminaron a la prensa por dar voz al inconforme.<\/p>\n\n\n\n<p>Uno de los periodistas pidi\u00f3 el auxilio de la fuerza p\u00fablica, para evitar una agresi\u00f3n f\u00edsica, pero los polic\u00edas llegaron media hora despu\u00e9s, una vez pasados los hechos, pese a que a unos pasos se hallaba el palacio municipal y el cuartel policiaco.<\/p>\n\n\n\n<p>Tras reclamar reclamar la actitud, las y los reporteros dieron voz a quienes reclamaban, una de ellas quien se identific\u00f3 como Olga Jim\u00e9nez R\u00edos \u2014quien no dej\u00f3 de grabar con su celular a los periodistas\u2014 y entre enojos narr\u00f3 que de no aprobarse la propuesta en Cabildo, les dejar\u00edan en la indefensi\u00f3n con la posesi\u00f3n de sus predios y la dotaci\u00f3n de servicios p\u00fablicos.<\/p>\n\n\n\n<p>PLEITO EN CABILDO<\/p>\n\n\n\n<p>Los dos bandos de inconformes \u2014que afuera protagonizaron reclamos mutuos, esperaron en el interior del palacio municipal la sesi\u00f3n de Cabildo, que inici\u00f3 despu\u00e9s de las 14:00 horas y en la cual de nuevo acusaciones y gritos.<\/p>\n\n\n\n<p>En el segundo asunto en cartera, fue presentado el Punto de Acuerdo PAROPDUCH005\/2023, de P\u00e1vel L\u00f3pez, en que propone \u201cque se deje sin efecto el acuerdo 001CU\/2021, del 17 de noviembre de 2021 y en consecuencia se deje sin efecto tambi\u00e9n el acuerdo PMPA65\/2022, de fecha 30 de mayo 2022\u201d, con lo cual se dejar\u00eda sin efecto la suspensi\u00f3n de autorizaciones de cambio de uso de suelo.<\/p>\n\n\n\n<p>Una de las escasas opositoras fue la panista Mirna L\u00f3pez Torres, quien argument\u00f3 que no deber\u00eda ni siquiera pasarse a comisiones; el morenista P\u00e1vel L\u00f3pez argument\u00f3 que en su caso se dejar\u00eda sin seguridad social de predios a los habitantes de las zonas aleda\u00f1as a ambos cerros.<\/p>\n\n\n\n<p>La discusi\u00f3n llev\u00f3 casi una hora, con gritos y reclamos en las gradas, y en que el edil Francisco Mart\u00ednez Neri dijo que en este caso hay una responsabilidad estatal para atender el asunto.<\/p>\n\n\n\n<p>\u201cHay un decreto emitido por el Gobierno del Estado, en su oportunidad el gobernador era Heladlo Ram\u00edrez L\u00f3pez, que se expide un decreto que no contiene hasta la fecha la perfecci\u00f3n que pudo haber generado un orden en esos espacios y no precis\u00f3 inclusive delimitaciones.&nbsp;<\/p>\n\n\n\n<p>\u201cY esto era una buena parte del problema que estamos viviendo, un desorden en el manejo de las cosas, por eso es que debemos poner orden, y hay una obligaci\u00f3n del Gobierno del Estado en el sentido de analizar ese decreto para que el pol\u00edgono quede perfeccionado\u201d, manifest\u00f3.<\/p>\n\n\n\n<p>Tras ello, finalmente con 14 votos de los 16 concejales, el Punto de Acuerdo fue turnado a comisiones, con lo cual el pleito ces\u00f3\u2026 pero temporalmente.<\/p>\n","protected":false},"excerpt":{"rendered":"<p>Ismael Garc\u00eda M.\/Zona Roja. Oaxaca de Ju\u00e1rez, Oax., a 13 de octubre de 2023.- \u201c\u00a1Pinches&hellip;<\/p>\n","protected":false},"author":2,"featured_media":60920,"comment_status":"closed","ping_status":"open","sticky":false,"template":"","format":"standard","meta":{"_lmt_disableupdate":"","_lmt_disable":"","_jetpack_memberships_contains_paid_content":false,"footnotes":""},"categories":[109,46],"tags":[2418,148],"class_list":["post-60919","post","type-post","status-publish","format-standard","has-post-thumbnail","hentry","category-minuto-a-minuto","category-zona-blanca","tag-francisco-martinez-neri","tag-oaxaca-de-juarez"],"jetpack_featured_media_url":"https:\/\/zonaroja.com.mx\/wp-content\/uploads\/2023\/10\/Conflicto-cerro-del-Fortin-ciudad-de-Oaxaca.jpg","jetpack_sharing_enabled":true,"_links":{"self":[{"href":"https:\/\/zonaroja.com.mx\/index.php?rest_route=\/wp\/v2\/posts\/60919","targetHints":{"allow":["GET"]}}],"collection":[{"href":"https:\/\/zonaroja.com.mx\/index.php?rest_route=\/wp\/v2\/posts"}],"about":[{"href":"https:\/\/zonaroja.com.mx\/index.php?rest_route=\/wp\/v2\/types\/post"}],"author":[{"embeddable":true,"href":"https:\/\/zonaroja.com.mx\/index.php?rest_route=\/wp\/v2\/users\/2"}],"replies":[{"embeddable":true,"href":"https:\/\/zonaroja.com.mx\/index.php?rest_route=%2Fwp%2Fv2%2Fcomments&post=60919"}],"version-history":[{"count":1,"href":"https:\/\/zonaroja.com.mx\/index.php?rest_route=\/wp\/v2\/posts\/60919\/revisions"}],"predecessor-version":[{"id":60921,"href":"https:\/\/zonaroja.com.mx\/index.php?rest_route=\/wp\/v2\/posts\/60919\/revisions\/60921"}],"wp:featuredmedia":[{"embeddable":true,"href":"https:\/\/zonaroja.com.mx\/index.php?rest_route=\/wp\/v2\/media\/60920"}],"wp:attachment":[{"href":"https:\/\/zonaroja.com.mx\/index.php?rest_route=%2Fwp%2Fv2%2Fmedia&parent=60919"}],"wp:term":[{"taxonomy":"category","embeddable":true,"href":"https:\/\/zonaroja.com.mx\/index.php?rest_route=%2Fwp%2Fv2%2Fcategories&post=60919"},{"taxonomy":"post_tag","embeddable":true,"href":"https:\/\/zonaroja.com.mx\/index.php?rest_route=%2Fwp%2Fv2%2Ftags&post=60919"}],"curies":[{"name":"wp","href":"https:\/\/api.w.org\/{rel}","templated":true}]}}