{"id":60922,"date":"2023-10-13T11:30:00","date_gmt":"2023-10-13T16:30:00","guid":{"rendered":"http:\/\/www.zonaroja.com.mx\/?p=60922"},"modified":"2023-10-13T08:58:46","modified_gmt":"2023-10-13T13:58:46","slug":"comision-de-la-verdad-acusa-al-ejercito-de-eliminar-expedientes-de-la-guerra-sucia","status":"publish","type":"post","link":"https:\/\/zonaroja.com.mx\/?p=60922","title":{"rendered":"Comisi\u00f3n de la Verdad acusa al Ej\u00e9rcito de eliminar expedientes de la \u2018Guerra Sucia\u2019"},"content":{"rendered":"\n<p>Redacci\u00f3n\/Zona Roja Cdmx.<\/p>\n\n\n\n<p>Ciudad de M\u00e9xico, a 13 de octubre de 2023.- La Comisi\u00f3n de la Verdad que investiga las violaciones a derechos humanos en el periodo de la llamada \u2018Guerra Sucia\u2019 denunci\u00f3 que el Ej\u00e9rcito Mexicano obstruye, oculta y destruye informes y expedientes de la \u00e9poca.<\/p>\n\n\n\n<p>El responsable del llamado Mecanismo para la Verdad y el Esclarecimiento Hist\u00f3rico, David Jes\u00fas Fern\u00e1ndez D\u00e1valos, inform\u00f3 que \u201cen&nbsp;las \u00faltimas semanas estos obst\u00e1culos se han multiplicado, han derivado en que el personal militar haya incurrido en pr\u00e1cticas de ocultamiento de informaci\u00f3n\u201d.<\/p>\n\n\n\n<p>En conferencia en la Secretar\u00eda de Gobernaci\u00f3n, el pasado mi\u00e9rcoles, el funcionario explic\u00f3 que la Secretaria de la Defensa Nacional ha incurrido en pr\u00e1cticas de \u201calteraci\u00f3n, mutilaci\u00f3n e inutilizaci\u00f3n parcial o total de expedientes\u201d.<\/p>\n\n\n\n<p>Esta instancia, que investiga las violaciones a derechos humanos en la \u00e9poca de la&nbsp;Guerra Sucia&nbsp;(1965 a 1990), expuso ante el subsecretario de Derechos Humanos de Gobernaci\u00f3n, Alejandro Encinas, que en el gobierno \u201cse ha pasado de una colaboraci\u00f3n pasiva a una pol\u00edtica de obstrucci\u00f3n&nbsp;en las labores que realiza la Comisi\u00f3n de la Verdad\u201d.<\/p>\n\n\n\n<p>Acus\u00f3 que \u201calgunos militares habr\u00edan impedido el acceso a archivos que podr\u00edan tener informaci\u00f3n de la participaci\u00f3n del Ej\u00e9rcito en los delitos cometidos durante la Guerra sucia\u201d.<\/p>\n\n\n\n<p>Fern\u00e1ndez D\u00e1valos advirti\u00f3 que&nbsp;estos hechos \u201cpodr\u00edan ser constitutivos de delitos\u201d.<\/p>\n\n\n\n<p>La obstrucci\u00f3n en la consulta de archivos por parte del Ej\u00e9rcito lleg\u00f3 al grado que el Mecanismo de Esclarecimiento Hist\u00f3rico decidi\u00f3 retirar a sus investigadores, inform\u00f3.<\/p>\n\n\n\n<p>Por eso,&nbsp;se\u00f1al\u00f3 que, en caso de comprobarse y de ser necesario, se interpondr\u00e1n denuncias penales contra los militares que han intervenido la documentaci\u00f3n relacionada con la \u2018Guerra Sucia\u2019.<\/p>\n\n\n\n<p>(Informaci\u00f3n de \u201cEl Financiero\u201d)<\/p>\n","protected":false},"excerpt":{"rendered":"<p>Redacci\u00f3n\/Zona Roja Cdmx. Ciudad de M\u00e9xico, a 13 de octubre de 2023.- La Comisi\u00f3n de&hellip;<\/p>\n","protected":false},"author":2,"featured_media":54800,"comment_status":"closed","ping_status":"open","sticky":false,"template":"","format":"standard","meta":{"_lmt_disableupdate":"","_lmt_disable":"","_jetpack_memberships_contains_paid_content":false,"footnotes":""},"categories":[109,47],"tags":[],"class_list":["post-60922","post","type-post","status-publish","format-standard","has-post-thumbnail","hentry","category-minuto-a-minuto","category-zona-gris"],"jetpack_featured_media_url":"https:\/\/zonaroja.com.mx\/wp-content\/uploads\/2023\/05\/Comision-para-la-Verdad.png","jetpack_sharing_enabled":true,"_links":{"self":[{"href":"https:\/\/zonaroja.com.mx\/index.php?rest_route=\/wp\/v2\/posts\/60922","targetHints":{"allow":["GET"]}}],"collection":[{"href":"https:\/\/zonaroja.com.mx\/index.php?rest_route=\/wp\/v2\/posts"}],"about":[{"href":"https:\/\/zonaroja.com.mx\/index.php?rest_route=\/wp\/v2\/types\/post"}],"author":[{"embeddable":true,"href":"https:\/\/zonaroja.com.mx\/index.php?rest_route=\/wp\/v2\/users\/2"}],"replies":[{"embeddable":true,"href":"https:\/\/zonaroja.com.mx\/index.php?rest_route=%2Fwp%2Fv2%2Fcomments&post=60922"}],"version-history":[{"count":1,"href":"https:\/\/zonaroja.com.mx\/index.php?rest_route=\/wp\/v2\/posts\/60922\/revisions"}],"predecessor-version":[{"id":60923,"href":"https:\/\/zonaroja.com.mx\/index.php?rest_route=\/wp\/v2\/posts\/60922\/revisions\/60923"}],"wp:featuredmedia":[{"embeddable":true,"href":"https:\/\/zonaroja.com.mx\/index.php?rest_route=\/wp\/v2\/media\/54800"}],"wp:attachment":[{"href":"https:\/\/zonaroja.com.mx\/index.php?rest_route=%2Fwp%2Fv2%2Fmedia&parent=60922"}],"wp:term":[{"taxonomy":"category","embeddable":true,"href":"https:\/\/zonaroja.com.mx\/index.php?rest_route=%2Fwp%2Fv2%2Fcategories&post=60922"},{"taxonomy":"post_tag","embeddable":true,"href":"https:\/\/zonaroja.com.mx\/index.php?rest_route=%2Fwp%2Fv2%2Ftags&post=60922"}],"curies":[{"name":"wp","href":"https:\/\/api.w.org\/{rel}","templated":true}]}}