{"id":60924,"date":"2023-10-13T13:30:00","date_gmt":"2023-10-13T18:30:00","guid":{"rendered":"http:\/\/www.zonaroja.com.mx\/?p=60924"},"modified":"2023-10-13T09:09:10","modified_gmt":"2023-10-13T14:09:10","slug":"historico-nace-en-mexico-universidad-de-las-lenguas-indigenas","status":"publish","type":"post","link":"https:\/\/zonaroja.com.mx\/?p=60924","title":{"rendered":"Hist\u00f3rico: nace en M\u00e9xico Universidad de las Lenguas Ind\u00edgenas\u00a0"},"content":{"rendered":"\n<p>Redacci\u00f3n<\/p>\n\n\n\n<p>Ciudad de M\u00e9xico, 13 de octubre de 2023.- En un acto de justicia para los pueblos originarios y en el marco del D\u00eda de la Resistencia Ind\u00edgena, este jueves inici\u00f3 funciones la Universidad de las Lenguas Ind\u00edgenas de M\u00e9xico (ULIM), impulsada por el Instituto Nacional de Pueblos Ind\u00edgenas (INPI).<\/p>\n\n\n\n<p>Ello es en cumplimiento del compromiso del presidente Andr\u00e9s Manuel L\u00f3pez Obrador \u2014durante el di\u00e1logo con el pueblo n\u00e1huatl de Milpa Alta el 9 de febrero de 2020\u2014, recalc\u00f3 la titular de la Secretar\u00eda de Educaci\u00f3n P\u00fablica, Leticia Ram\u00edrez Amaya, quien presidi\u00f3 el acto.<\/p>\n\n\n\n<p>La actividad inici\u00f3 con una ceremonia tradicional en la zona arqueol\u00f3gica de Cuicuilco y, posteriormente, con un acto protocolario en las instalaciones de la instituci\u00f3n, que tendr\u00e1 como sede provisional el espacio del Coneval, en tanto se construyen las instalaciones definitivas.<\/p>\n\n\n\n<p>Al encuentro asisti\u00f3 la escritora Elena Poniatowska, entre diversas personalidades, que atestiguaron el acto hist\u00f3rico.<\/p>\n\n\n\n<p>La responsable de la SEP se\u00f1al\u00f3 que al ofrecer una nueva alternativa de aprendizaje con la licenciatura en Ense\u00f1anza de Lenguas Ind\u00edgenas se cumple el compromiso presidencial de reconocer la riqueza ling\u00fc\u00edstica y cultural de M\u00e9xico.<\/p>\n\n\n\n<p>A\u00f1adi\u00f3 que la conformaci\u00f3n de esta universidad favorece los principios de no discriminaci\u00f3n, no exclusi\u00f3n, humanismo y comunidad que impulsa el gobierno federal.<\/p>\n\n\n\n<p>Sostuvo que el nuevo Plan y Programas de Estudio para la Educaci\u00f3n B\u00e1sica; el Marco Curricular Com\u00fan de Educaci\u00f3n Media Superior, y los Programas de Bienestar de la actual administraci\u00f3n refrendan el compromiso institucional con las poblaciones m\u00e1s vulnerables y su desarrollo, especialmente con las comunidades ind\u00edgenas.<\/p>\n\n\n\n<p>El subsecretario de Educaci\u00f3n Superior de la SEP, Luciano Concheiro B\u00f3rquez, destac\u00f3 que las lenguas ind\u00edgenas son patrimonio intangible de la humanidad y no pueden ser consideradas como elemento folkl\u00f3rico o de resistencia a la modernidad, como ocurri\u00f3 en gobiernos anteriores.<\/p>\n\n\n\n<p>Durante la ceremonia de inicio de clases, subray\u00f3 que con la ULIM el Estado mexicano encamina sus acciones a la transformaci\u00f3n de su pol\u00edtica ling\u00fc\u00edstica; supera el monoling\u00fcismo y rompe la inercia que prevaleci\u00f3 por siglos.<\/p>\n\n\n\n<p>Por ello, pidi\u00f3 reconocer las 68 lenguas nacionales y sus 364 variantes ling\u00fc\u00edsticas, porque con la transformaci\u00f3n educativa que impulsa el Gobierno de M\u00e9xico ahora son un componente central de la multiculturalidad y garantizan la libre determinaci\u00f3n y autonom\u00eda de los pueblos originarios.<\/p>\n\n\n\n<p>DESAPARECEN LENGUAS<\/p>\n\n\n\n<p>El director general del Instituto Nacional de los Pueblos Ind\u00edgenas (INPI), Adelfo Regino Montes, record\u00f3 que las lenguas ind\u00edgenas est\u00e1n desapareciendo por las pol\u00edticas integracionistas, asimilacioncitas, que han tenido como consecuencia el deterioro acelerado de la diversidad ling\u00fc\u00edstica.<\/p>\n\n\n\n<p>\u201cHay una l\u00f3gica de discriminaci\u00f3n y racismo muy arraigada en amplios sectores de la sociedad, del gobierno y las instituciones; son inercias muy lamentables que una sociedad democr\u00e1tica no puede tolerar, y por eso celebramos que hoy se d\u00e9 este primer paso que seguramente va a contribuir a que se detenga la p\u00e9rdida de nuestras lenguas y que el d\u00eda de ma\u00f1ana nuestras hijas y nuestros hijos puedan contar otra historia.\u201d<\/p>\n\n\n\n<p>Regino Montes refiri\u00f3 que la ULIM \u2013albergada en un edificio del Coneval, al sur de la Ciudad de M\u00e9xico, en tanto se construyen sus instalaciones definitivas en Milpa Alta\u2013, cuenta con un comedor donde las y los estudiantes, as\u00ed como investigadores y acad\u00e9micos, recibir\u00e1n los tres alimentos; adem\u00e1s, otros dos pisos con aulas, cub\u00edculos para docentes, espacios para el personal administrativo y directivo, biblioteca, salas de justas y \u00e1reas recreativas.<\/p>\n\n\n\n<p>Precis\u00f3 que la universidad inicia ahora con la licenciatura en Ense\u00f1anza de las Lenguas Ind\u00edgenas y adelant\u00f3 que en 2024 estar\u00edan iniciando las otras tres carreras universitarias: Traducci\u00f3n e Interpretaci\u00f3n en Lenguas Ind\u00edgenas, Literatura Ind\u00edgena y Comunicaci\u00f3n Ind\u00edgena Intercultural<\/p>\n\n\n\n<p>SEDE EN MILPA ALTA<\/p>\n\n\n\n<p>Como lo acord\u00f3 el presidente L\u00f3pez Obrador, esta universidad tendr\u00e1 sus instalaciones definitivas en la alcald\u00eda de Milpa Alta, en el coraz\u00f3n de la resistencia comunal y ling\u00fc\u00edstica del Valle de M\u00e9xico, donde por fortuna todav\u00eda se habla el mexicano o n\u00e1huatl. Dijo que \u201cla creaci\u00f3n de esta universidad es para el presidente un homenaje a esta resistencia que han tenido los habitantes de Milpa Alta para conservar su cultura y su lengua\u201d.<\/p>\n\n\n\n<p>El investigador em\u00e9rito del Centro de Investigaciones y Estudios Superiores en Antropolog\u00eda Social (Ciesas) Pac\u00edfico Sur, Salom\u00f3n Nahmad y Sitt\u00f3n, consider\u00f3 que la creaci\u00f3n de esta universidad es un gran acierto en una de las comunidades emblem\u00e1ticas en el mantenimiento del idioma mexicano, Milpa Alta, en la Ciudad de M\u00e9xico, antes Tenochtitl\u00e1n, para preservar el patrimonio cultural de los pueblos.<\/p>\n\n\n\n<p>\u201cSon cinco mil idiomas en el mundo que hay que mantener, no se puede seguir destruyendo el patrimonio de los pueblos; M\u00e9xico debe impulsar una pol\u00edtica ling\u00fc\u00edstica en favor del pueblo y, sobre todo, activar una pol\u00edtica educativa multicultural y multiling\u00fce, es muy importante.\u201d<\/p>\n\n\n\n<p>El representante de Bienes Comunales de Santa Ana Tlacotenco, Villa Milpa Alta, Albino Torres Sol\u00eds, en presencia de Susana Flores \u2014quien don\u00f3 el terreno para la construcci\u00f3n de la ULIM\u2014 agradeci\u00f3 el cumplimiento del compromiso del presidente y la donaci\u00f3n del terreno, lo que va a permitir cristalizar este anhelo de tener una universidad especializada en el rescate, la promoci\u00f3n y el fortalecimiento de las lenguas ind\u00edgenas.<\/p>\n\n\n\n<p>El coordinador de la licenciatura en Ense\u00f1anza de las Lenguas Ind\u00edgenas, Juan Carlos Reyes G\u00f3mez, present\u00f3 el programa y plan de estudios con el que inician clases 64 estudiantes procedentes de tres grupos de trabajo: acad\u00e9mico y curricular, de di\u00e1logo y consulta, y jur\u00eddico institucional, que trabajaron desde 2020 para permitir que hoy sea realidad la ULIM.<\/p>\n\n\n\n<p>La alumna de esta primera generaci\u00f3n, Estela Aranda Mendel, originaria del pueblo mixteco (\u00f1u\u2019u savi) de Guerrero, en nombre de sus compa\u00f1eras y compa\u00f1eros destac\u00f3 el sentir de alegr\u00eda que prevalece hoy con la creaci\u00f3n de la universidad:<\/p>\n\n\n\n<p>Durante la ceremonia inaugural de la ULIM, las y los 64 alumnos que se integran en dos grupos recibieron materiales de trabajo y equipos de c\u00f3mputo port\u00e1tiles y fijos, al igual que los docentes investigadores.<\/p>\n\n\n\n<p>Estuvieron presentes la presidenta del Consejo Nacional para Prevenir la Discriminaci\u00f3n (Conapred), Claudia Morales Reza; el presidente del Sistema de Radiodifusi\u00f3n del Estado Mexicano (SPR), Jenaro Villamil Rodr\u00edguez; la comisionada para el Di\u00e1logo con los Pueblos Ind\u00edgenas de M\u00e9xico de la Secretar\u00eda de Gobernaci\u00f3n (Segob), Josefina Bravo Rangel; y el secretario ejecutivo del Coneval, Nabor Cruz Marcelo.<\/p>\n\n\n\n<p>Asimismo, la encargada de despacho del Instituto Nacional de Lenguas Ind\u00edgenas (Inali), Alma Rosa Esp\u00edndola Galicia; y la representante de la Secretar\u00eda de Cultura federal, Er\u00e9ndira Cruz Villegas<\/p>\n\n\n\n<p>Igualmente, la secretaria de Pueblos y Barrios Originarios, Comunidades Ind\u00edgenas y Residentes de la Ciudad de M\u00e9xico, Laura Ruiz Mondrag\u00f3n; la presidenta de la Comisi\u00f3n de Pueblos Ind\u00edgenas y Afromexicano de la C\u00e1mara de Diputados, Irma Juan Carlos; y el diputado federal Azael Santiago Chepi.<\/p>\n","protected":false},"excerpt":{"rendered":"<p>Redacci\u00f3n Ciudad de M\u00e9xico, 13 de octubre de 2023.- En un acto de justicia para&hellip;<\/p>\n","protected":false},"author":2,"featured_media":60925,"comment_status":"closed","ping_status":"open","sticky":false,"template":"","format":"standard","meta":{"_lmt_disableupdate":"","_lmt_disable":"","_jetpack_memberships_contains_paid_content":false,"footnotes":""},"categories":[109,46],"tags":[3683],"class_list":["post-60924","post","type-post","status-publish","format-standard","has-post-thumbnail","hentry","category-minuto-a-minuto","category-zona-blanca","tag-instituto-nacional-de-pueblos-indigenas-inpi"],"jetpack_featured_media_url":"https:\/\/zonaroja.com.mx\/wp-content\/uploads\/2023\/10\/Adelfo-Regino-Universidad-Indigena.jpg","jetpack_sharing_enabled":true,"_links":{"self":[{"href":"https:\/\/zonaroja.com.mx\/index.php?rest_route=\/wp\/v2\/posts\/60924","targetHints":{"allow":["GET"]}}],"collection":[{"href":"https:\/\/zonaroja.com.mx\/index.php?rest_route=\/wp\/v2\/posts"}],"about":[{"href":"https:\/\/zonaroja.com.mx\/index.php?rest_route=\/wp\/v2\/types\/post"}],"author":[{"embeddable":true,"href":"https:\/\/zonaroja.com.mx\/index.php?rest_route=\/wp\/v2\/users\/2"}],"replies":[{"embeddable":true,"href":"https:\/\/zonaroja.com.mx\/index.php?rest_route=%2Fwp%2Fv2%2Fcomments&post=60924"}],"version-history":[{"count":1,"href":"https:\/\/zonaroja.com.mx\/index.php?rest_route=\/wp\/v2\/posts\/60924\/revisions"}],"predecessor-version":[{"id":60926,"href":"https:\/\/zonaroja.com.mx\/index.php?rest_route=\/wp\/v2\/posts\/60924\/revisions\/60926"}],"wp:featuredmedia":[{"embeddable":true,"href":"https:\/\/zonaroja.com.mx\/index.php?rest_route=\/wp\/v2\/media\/60925"}],"wp:attachment":[{"href":"https:\/\/zonaroja.com.mx\/index.php?rest_route=%2Fwp%2Fv2%2Fmedia&parent=60924"}],"wp:term":[{"taxonomy":"category","embeddable":true,"href":"https:\/\/zonaroja.com.mx\/index.php?rest_route=%2Fwp%2Fv2%2Fcategories&post=60924"},{"taxonomy":"post_tag","embeddable":true,"href":"https:\/\/zonaroja.com.mx\/index.php?rest_route=%2Fwp%2Fv2%2Ftags&post=60924"}],"curies":[{"name":"wp","href":"https:\/\/api.w.org\/{rel}","templated":true}]}}