{"id":60927,"date":"2023-10-13T12:30:00","date_gmt":"2023-10-13T17:30:00","guid":{"rendered":"http:\/\/www.zonaroja.com.mx\/?p=60927"},"modified":"2023-10-13T09:15:21","modified_gmt":"2023-10-13T14:15:21","slug":"sobornan-a-policias-y-dejan-libre-a-sobrino-de-caro-quintero-en-qr","status":"publish","type":"post","link":"https:\/\/zonaroja.com.mx\/?p=60927","title":{"rendered":"Sobornan a polic\u00edas y dejan libre a sobrino de Caro Quintero, en QR"},"content":{"rendered":"\n<p>Redacci\u00f3n\/Zona Roja Cdmx.<\/p>\n\n\n\n<p>Ciudad de M\u00e9xico, a 13 de octubre de 2023.- La Fiscal\u00eda General del Estado de Quintana Roo (FGE), abri\u00f3 una carpeta de investigaci\u00f3n en contra de polic\u00edas municipales de Tulum, polic\u00edas ministeriales, as\u00ed como elementos de la Armada de M\u00e9xico por dejar en libertad al presunto jefe de plaza del C\u00e1rtel de Caborca en el sur de Quintana Roo, Jos\u00e9 Gil Caro Quintero, alias Don Pepe, a quien abordaron en un restaurante de ese municipio.<\/p>\n\n\n\n<p>A trav\u00e9s de un comunicado que public\u00f3 en sus redes sociales, la FGE inform\u00f3 que \u201cinici\u00f3 carpeta de investigaci\u00f3n para esclarecer los hechos donde se report\u00f3 una persona armada dentro de las instalaciones de un restaurante en el municipio de Tulum.<\/p>\n\n\n\n<p>Elementos de la Polic\u00eda Municipal de Tulum, as\u00ed como de la Polic\u00eda Ministerial y de la Marina, llegaron a la inspecci\u00f3n del presunto sospechoso, quien estaba en compa\u00f1\u00eda de una mujer, mismo que no pusieron a disposici\u00f3n del agente del Ministerio P\u00fablico.<\/p>\n\n\n\n<p>Ante este suceso, la Fiscal\u00eda inici\u00f3 una investigaci\u00f3n en contra de todos los elementos que participaron en este hecho y que se tienen plenamente identificados y en caso de tener alguna responsabilidad, caer\u00e1 sobre ellos todo el peso de la ley\u201d.<\/p>\n\n\n\n<p>Jos\u00e9 Gil, alias Don Pepe, considerado uno de los principales generadores de violencia en el sur del estado, es se\u00f1alado como l\u00edder de la c\u00e9lula delictiva del C\u00e1rtel de Caborca, que opera en el sur de la entidad.<\/p>\n\n\n\n<p>El presunto delincuente es sobrino del narcotraficante Rafael Caro Quintero, uno de los fundadores del Cartel de Guadalajara.<\/p>\n\n\n\n<p>(Informaci\u00f3n de \u201cLa Jornada\u201d)<\/p>\n","protected":false},"excerpt":{"rendered":"<p>Redacci\u00f3n\/Zona Roja Cdmx. Ciudad de M\u00e9xico, a 13 de octubre de 2023.- La Fiscal\u00eda General&hellip;<\/p>\n","protected":false},"author":2,"featured_media":60928,"comment_status":"closed","ping_status":"open","sticky":false,"template":"","format":"standard","meta":{"_lmt_disableupdate":"","_lmt_disable":"","_jetpack_memberships_contains_paid_content":false,"footnotes":""},"categories":[109,47],"tags":[],"class_list":["post-60927","post","type-post","status-publish","format-standard","has-post-thumbnail","hentry","category-minuto-a-minuto","category-zona-gris"],"jetpack_featured_media_url":"https:\/\/zonaroja.com.mx\/wp-content\/uploads\/2023\/10\/Policia-Quintana-Roo.jpeg","jetpack_sharing_enabled":true,"_links":{"self":[{"href":"https:\/\/zonaroja.com.mx\/index.php?rest_route=\/wp\/v2\/posts\/60927","targetHints":{"allow":["GET"]}}],"collection":[{"href":"https:\/\/zonaroja.com.mx\/index.php?rest_route=\/wp\/v2\/posts"}],"about":[{"href":"https:\/\/zonaroja.com.mx\/index.php?rest_route=\/wp\/v2\/types\/post"}],"author":[{"embeddable":true,"href":"https:\/\/zonaroja.com.mx\/index.php?rest_route=\/wp\/v2\/users\/2"}],"replies":[{"embeddable":true,"href":"https:\/\/zonaroja.com.mx\/index.php?rest_route=%2Fwp%2Fv2%2Fcomments&post=60927"}],"version-history":[{"count":1,"href":"https:\/\/zonaroja.com.mx\/index.php?rest_route=\/wp\/v2\/posts\/60927\/revisions"}],"predecessor-version":[{"id":60929,"href":"https:\/\/zonaroja.com.mx\/index.php?rest_route=\/wp\/v2\/posts\/60927\/revisions\/60929"}],"wp:featuredmedia":[{"embeddable":true,"href":"https:\/\/zonaroja.com.mx\/index.php?rest_route=\/wp\/v2\/media\/60928"}],"wp:attachment":[{"href":"https:\/\/zonaroja.com.mx\/index.php?rest_route=%2Fwp%2Fv2%2Fmedia&parent=60927"}],"wp:term":[{"taxonomy":"category","embeddable":true,"href":"https:\/\/zonaroja.com.mx\/index.php?rest_route=%2Fwp%2Fv2%2Fcategories&post=60927"},{"taxonomy":"post_tag","embeddable":true,"href":"https:\/\/zonaroja.com.mx\/index.php?rest_route=%2Fwp%2Fv2%2Ftags&post=60927"}],"curies":[{"name":"wp","href":"https:\/\/api.w.org\/{rel}","templated":true}]}}