{"id":60930,"date":"2023-10-13T13:15:00","date_gmt":"2023-10-13T18:15:00","guid":{"rendered":"http:\/\/www.zonaroja.com.mx\/?p=60930"},"modified":"2023-10-13T09:17:59","modified_gmt":"2023-10-13T14:17:59","slug":"vinculan-a-sujeto-el-mojarra-por-desaparecer-a-una-persona-en-oaxaca","status":"publish","type":"post","link":"https:\/\/zonaroja.com.mx\/?p=60930","title":{"rendered":"Vinculan a sujeto \u201cEl Mojarra\u201d por desaparecer a una persona en Oaxaca"},"content":{"rendered":"\n<p>Redacci\u00f3n\/Zona Roja.<\/p>\n\n\n\n<p>Oaxaca de Ju\u00e1rez, Oax., a 13 de octubre de 2023.- El trabajo de personal especializado que realiza la Fiscal\u00eda General del Estado de Oaxaca (FGEO), permiti\u00f3 obtener auto de vinculaci\u00f3n a proceso y prisi\u00f3n preventiva en contra de H. C. C., alias \u201cEl Mojarra\u201d, por el delito de Desaparici\u00f3n de Persona Cometida por Particulares, en hechos ocurridos en la regi\u00f3n de los Valles Centrales.<\/p>\n\n\n\n<p>De acuerdo con la investigaci\u00f3n alrededor del caso, el 8 de octubre de 2022 la v\u00edctima E.N.P.H. realizaba trabajos en la entrada de su comunidad, en San Jacinto Chilateca, perteneciente al municipio de Ocotl\u00e1n de Morelos.<\/p>\n\n\n\n<p>Al lugar lleg\u00f3 un veh\u00edculo del que descendi\u00f3 un grupo de personas que se lo llevaron con rumbo desconocido, fecha desde la cual se desconoce su paradero.<\/p>\n\n\n\n<p>La FGEO tom\u00f3 conocimiento de los hechos a trav\u00e9s de la Unidad Especializada de Desaparici\u00f3n Forzada, perteneciente a la Vicefiscal\u00eda General de Atenci\u00f3n a V\u00edctimas y a la Sociedad, que encabeza las investigaciones por las cuales obtuvieron una orden de aprehensi\u00f3n al respecto.<\/p>\n\n\n\n<p>Elementos de la Agencia Estatal de Investigaciones (AEI) dieron cumplimiento al mandato judicial y detuvieron a H. C. C., alias \u201cEl Mojarra\u201d, quien fue llevado ante el Juez que, luego de evaluar las pruebas aportadas por la Fiscal\u00eda, dict\u00f3 auto de vinculaci\u00f3n a proceso e impuso prisi\u00f3n preventiva, otorgando cuatro meses para el cierre de la investigaci\u00f3n complementaria.<\/p>\n\n\n\n<p>La Fiscal\u00eda de Oaxaca cuenta con equipos especializados en b\u00fasqueda y rastreo de personas desaparecidas con el que se brinda atenci\u00f3n integral a las v\u00edctimas directas e indirectas de este tipo de delitos que lesionan el tejido social de la entidad.<\/p>\n","protected":false},"excerpt":{"rendered":"<p>Redacci\u00f3n\/Zona Roja. Oaxaca de Ju\u00e1rez, Oax., a 13 de octubre de 2023.- El trabajo de&hellip;<\/p>\n","protected":false},"author":2,"featured_media":48872,"comment_status":"closed","ping_status":"open","sticky":false,"template":"","format":"standard","meta":{"_lmt_disableupdate":"","_lmt_disable":"","_jetpack_memberships_contains_paid_content":false,"footnotes":""},"categories":[109,46],"tags":[494],"class_list":["post-60930","post","type-post","status-publish","format-standard","has-post-thumbnail","hentry","category-minuto-a-minuto","category-zona-blanca","tag-fiscalia-general-del-estado-de-oaxaca"],"jetpack_featured_media_url":"https:\/\/zonaroja.com.mx\/wp-content\/uploads\/2022\/12\/Detenido-detencion-aprehension.jpg","jetpack_sharing_enabled":true,"_links":{"self":[{"href":"https:\/\/zonaroja.com.mx\/index.php?rest_route=\/wp\/v2\/posts\/60930","targetHints":{"allow":["GET"]}}],"collection":[{"href":"https:\/\/zonaroja.com.mx\/index.php?rest_route=\/wp\/v2\/posts"}],"about":[{"href":"https:\/\/zonaroja.com.mx\/index.php?rest_route=\/wp\/v2\/types\/post"}],"author":[{"embeddable":true,"href":"https:\/\/zonaroja.com.mx\/index.php?rest_route=\/wp\/v2\/users\/2"}],"replies":[{"embeddable":true,"href":"https:\/\/zonaroja.com.mx\/index.php?rest_route=%2Fwp%2Fv2%2Fcomments&post=60930"}],"version-history":[{"count":1,"href":"https:\/\/zonaroja.com.mx\/index.php?rest_route=\/wp\/v2\/posts\/60930\/revisions"}],"predecessor-version":[{"id":60931,"href":"https:\/\/zonaroja.com.mx\/index.php?rest_route=\/wp\/v2\/posts\/60930\/revisions\/60931"}],"wp:featuredmedia":[{"embeddable":true,"href":"https:\/\/zonaroja.com.mx\/index.php?rest_route=\/wp\/v2\/media\/48872"}],"wp:attachment":[{"href":"https:\/\/zonaroja.com.mx\/index.php?rest_route=%2Fwp%2Fv2%2Fmedia&parent=60930"}],"wp:term":[{"taxonomy":"category","embeddable":true,"href":"https:\/\/zonaroja.com.mx\/index.php?rest_route=%2Fwp%2Fv2%2Fcategories&post=60930"},{"taxonomy":"post_tag","embeddable":true,"href":"https:\/\/zonaroja.com.mx\/index.php?rest_route=%2Fwp%2Fv2%2Ftags&post=60930"}],"curies":[{"name":"wp","href":"https:\/\/api.w.org\/{rel}","templated":true}]}}