{"id":60937,"date":"2023-10-13T13:13:50","date_gmt":"2023-10-13T18:13:50","guid":{"rendered":"http:\/\/www.zonaroja.com.mx\/?p=60937"},"modified":"2023-10-13T13:13:51","modified_gmt":"2023-10-13T18:13:51","slug":"fiscalia-gobierno-y-sindicato-acuerdan-reincorporacion-de-trabajadores","status":"publish","type":"post","link":"https:\/\/zonaroja.com.mx\/?p=60937","title":{"rendered":"Fiscal\u00eda, gobierno y sindicato acuerdan reincorporaci\u00f3n de trabajadores"},"content":{"rendered":"\n<p>Ismael Garc\u00eda M.\/Zona Roja. <\/p>\n\n\n\n<p>Oaxaca de Ju\u00e1rez, Oax., a 13 de octubre de 2023.- La Fiscal\u00eda General del Estado de Oaxaca, el Gobierno del Estado y el Sindicato de Trabajadores de la administraci\u00f3n estatal, alcanzaron acuerdos para la transferencia paulatina de empleados de base a otras instituciones.&nbsp;<\/p>\n\n\n\n<p>Ayer hubo una reuni\u00f3n de trabajo en el Palacio de Gobierno, con la presencia del titular de la Fiscal\u00eda, Bernardo Rodr\u00edguez Alamilla; la Secretar\u00eda de Administraci\u00f3n y el Sindicato de Trabajadores y Empleados al Servicio de los Poderes del Estado e Instituciones Descentralizadas, en que se firm\u00f3 el arreglo. <\/p>\n\n\n\n<p>Con lo anterior inicia la reubicaci\u00f3n de aproximadamente 360 trabajadores sindicalizados a otras dependencias del gobierno, con la finalidad de consolidar la autonom\u00eda de la instituci\u00f3n de procuraci\u00f3n de justicia.&nbsp;<\/p>\n\n\n\n<p>Apenas el mi\u00e9rcoles, el gobernador Salom\u00f3n Jara Cruz dio a conocer en su conferencia matutina la labor conjunta en el proceso de remoci\u00f3n de empleado de base, proceso detenido desde el sexenio anterior y que es necesario para consolidar la autonom\u00eda de dicho \u00f3rgano.&nbsp;<\/p>\n\n\n\n<p>\u201cLa Fiscal\u00eda General del Estado de Oaxaca reconoce la disposici\u00f3n al di\u00e1logo y acuerdos por parte del Comit\u00e9 Ejecutivo y las delegaciones del Sindicato de Trabajadores de los Poderes del Estado e Instituciones Descentralizadas de Car\u00e1cter Estatal de Oaxaca, as\u00ed como de la voluntad del Gobierno del Estado, a trav\u00e9s de la Secretar\u00eda de Administraci\u00f3n, para llevar a cabo las mesas de di\u00e1logo que permitieron la obtenci\u00f3n de acuerdos que impulsan la plena autonom\u00eda de la Fiscal\u00eda, lo que implica la reincorporaci\u00f3n de forma gradual y digna, de todas las y los &nbsp;trabajadores de base que forman parte de la FGEO, a las dependencias del &nbsp;sector central de la Administraci\u00f3n del Gobierno del Estado\u201d, difundi\u00f3 la instituci\u00f3n de procuraci\u00f3n de justicia en sus redes sociales.&nbsp;<\/p>\n\n\n\n<p><\/p>\n","protected":false},"excerpt":{"rendered":"<p>Ismael Garc\u00eda M.\/Zona Roja. Oaxaca de Ju\u00e1rez, Oax., a 13 de octubre de 2023.- La&hellip;<\/p>\n","protected":false},"author":2,"featured_media":60936,"comment_status":"closed","ping_status":"open","sticky":false,"template":"","format":"standard","meta":{"_lmt_disableupdate":"","_lmt_disable":"","_jetpack_memberships_contains_paid_content":false,"footnotes":""},"categories":[109,46],"tags":[],"class_list":["post-60937","post","type-post","status-publish","format-standard","has-post-thumbnail","hentry","category-minuto-a-minuto","category-zona-blanca"],"jetpack_featured_media_url":"https:\/\/zonaroja.com.mx\/wp-content\/uploads\/2023\/10\/img_9015-1.jpg","jetpack_sharing_enabled":true,"_links":{"self":[{"href":"https:\/\/zonaroja.com.mx\/index.php?rest_route=\/wp\/v2\/posts\/60937","targetHints":{"allow":["GET"]}}],"collection":[{"href":"https:\/\/zonaroja.com.mx\/index.php?rest_route=\/wp\/v2\/posts"}],"about":[{"href":"https:\/\/zonaroja.com.mx\/index.php?rest_route=\/wp\/v2\/types\/post"}],"author":[{"embeddable":true,"href":"https:\/\/zonaroja.com.mx\/index.php?rest_route=\/wp\/v2\/users\/2"}],"replies":[{"embeddable":true,"href":"https:\/\/zonaroja.com.mx\/index.php?rest_route=%2Fwp%2Fv2%2Fcomments&post=60937"}],"version-history":[{"count":1,"href":"https:\/\/zonaroja.com.mx\/index.php?rest_route=\/wp\/v2\/posts\/60937\/revisions"}],"predecessor-version":[{"id":60938,"href":"https:\/\/zonaroja.com.mx\/index.php?rest_route=\/wp\/v2\/posts\/60937\/revisions\/60938"}],"wp:featuredmedia":[{"embeddable":true,"href":"https:\/\/zonaroja.com.mx\/index.php?rest_route=\/wp\/v2\/media\/60936"}],"wp:attachment":[{"href":"https:\/\/zonaroja.com.mx\/index.php?rest_route=%2Fwp%2Fv2%2Fmedia&parent=60937"}],"wp:term":[{"taxonomy":"category","embeddable":true,"href":"https:\/\/zonaroja.com.mx\/index.php?rest_route=%2Fwp%2Fv2%2Fcategories&post=60937"},{"taxonomy":"post_tag","embeddable":true,"href":"https:\/\/zonaroja.com.mx\/index.php?rest_route=%2Fwp%2Fv2%2Ftags&post=60937"}],"curies":[{"name":"wp","href":"https:\/\/api.w.org\/{rel}","templated":true}]}}