{"id":60939,"date":"2023-10-13T19:38:15","date_gmt":"2023-10-14T00:38:15","guid":{"rendered":"http:\/\/www.zonaroja.com.mx\/?p=60939"},"modified":"2023-10-14T08:30:24","modified_gmt":"2023-10-14T13:30:24","slug":"ediles-istmenos-omisos-dos-asesinados-este-viernes","status":"publish","type":"post","link":"https:\/\/zonaroja.com.mx\/?p=60939","title":{"rendered":"Ediles istme\u00f1os omisos: dos asesinados este viernes"},"content":{"rendered":"\n<p>Redacci\u00f3n\/Zona Roja.<\/p>\n\n\n\n<p>Oaxaca de Ju\u00e1rez, Oax., a 13 de octubre de 2023.- La omisi\u00f3n de las autoridades municipales en la regi\u00f3n del Istmo de Tehuantepec deriv\u00f3 de nuevo en hechos violentos.<\/p>\n\n\n\n<p>En Juchit\u00e1n de Zaragoza, este viernes fue ultimado a balazos un individuo, en el callej\u00f3n Sauce del barrio Segunda Secci\u00f3n, afuera de un local de bebidas embriagantes.<\/p>\n\n\n\n<p>De manera preliminar, la v\u00edctima fue identificada como Carlos Aldrey V. M., de 32 a\u00f1os de edad, y a\u00fan se desconocen los motivos por los cuales fue ejecutado por parte de sujetos armados.<\/p>\n\n\n\n<p>Ante la mirada pasiva de polic\u00edas municipales y antes de que llegara el personal ministerial, los familiares se llevaron el cuerpo a bordo de un mototaxi.<\/p>\n\n\n\n<p>Mientras tanto, en la colonia Rinc\u00f3n Viejo, del municipio de Santa Maria Petapan, distrito de Mat\u00edas Romero, en la zona norte del Istmo, fue asesinado un individuo.<\/p>\n\n\n\n<p>Fue en la calle Oma Rosa en que ejecutaron al individuo identificado como Neftal\u00ed G. S., presuntamente individuos armados que viajaban a bordo de una motocicleta.<\/p>\n\n\n\n<p>Polic\u00edas municipales no llegaron a tiempo para detener a los criminales, por lo cual \u00fanicamente se limitaron a acordonar la escena del crimen.<\/p>\n\n\n\n<p>La Vicefiscal\u00eda Regional del Istmo inform\u00f3 que dio inicio a las respectivas carpetas de investigaci\u00f3n.<\/p>\n","protected":false},"excerpt":{"rendered":"<p>Redacci\u00f3n\/Zona Roja. Oaxaca de Ju\u00e1rez, Oax., a 13 de octubre de 2023.- La omisi\u00f3n de&hellip;<\/p>\n","protected":false},"author":2,"featured_media":60940,"comment_status":"closed","ping_status":"open","sticky":false,"template":"","format":"standard","meta":{"_lmt_disableupdate":"","_lmt_disable":"","_jetpack_memberships_contains_paid_content":false,"footnotes":""},"categories":[109,51],"tags":[123,228],"class_list":["post-60939","post","type-post","status-publish","format-standard","has-post-thumbnail","hentry","category-minuto-a-minuto","category-zona-roja","tag-juchitan-de-zaragoza","tag-matias-romero-avendano"],"jetpack_featured_media_url":"https:\/\/zonaroja.com.mx\/wp-content\/uploads\/2023\/10\/Ejecutado-Juchitan.png","jetpack_sharing_enabled":true,"_links":{"self":[{"href":"https:\/\/zonaroja.com.mx\/index.php?rest_route=\/wp\/v2\/posts\/60939","targetHints":{"allow":["GET"]}}],"collection":[{"href":"https:\/\/zonaroja.com.mx\/index.php?rest_route=\/wp\/v2\/posts"}],"about":[{"href":"https:\/\/zonaroja.com.mx\/index.php?rest_route=\/wp\/v2\/types\/post"}],"author":[{"embeddable":true,"href":"https:\/\/zonaroja.com.mx\/index.php?rest_route=\/wp\/v2\/users\/2"}],"replies":[{"embeddable":true,"href":"https:\/\/zonaroja.com.mx\/index.php?rest_route=%2Fwp%2Fv2%2Fcomments&post=60939"}],"version-history":[{"count":2,"href":"https:\/\/zonaroja.com.mx\/index.php?rest_route=\/wp\/v2\/posts\/60939\/revisions"}],"predecessor-version":[{"id":60968,"href":"https:\/\/zonaroja.com.mx\/index.php?rest_route=\/wp\/v2\/posts\/60939\/revisions\/60968"}],"wp:featuredmedia":[{"embeddable":true,"href":"https:\/\/zonaroja.com.mx\/index.php?rest_route=\/wp\/v2\/media\/60940"}],"wp:attachment":[{"href":"https:\/\/zonaroja.com.mx\/index.php?rest_route=%2Fwp%2Fv2%2Fmedia&parent=60939"}],"wp:term":[{"taxonomy":"category","embeddable":true,"href":"https:\/\/zonaroja.com.mx\/index.php?rest_route=%2Fwp%2Fv2%2Fcategories&post=60939"},{"taxonomy":"post_tag","embeddable":true,"href":"https:\/\/zonaroja.com.mx\/index.php?rest_route=%2Fwp%2Fv2%2Ftags&post=60939"}],"curies":[{"name":"wp","href":"https:\/\/api.w.org\/{rel}","templated":true}]}}