{"id":60942,"date":"2023-10-13T21:52:43","date_gmt":"2023-10-14T02:52:43","guid":{"rendered":"http:\/\/www.zonaroja.com.mx\/?p=60942"},"modified":"2023-10-13T21:52:46","modified_gmt":"2023-10-14T02:52:46","slug":"motin-en-reclusorio-de-tabasco-tierra-de-amlo-deja-cinco-muertos","status":"publish","type":"post","link":"https:\/\/zonaroja.com.mx\/?p=60942","title":{"rendered":"Mot\u00edn en reclusorio de Tabasco, tierra de AMLO, deja cinco muertos"},"content":{"rendered":"\n<p>Redacci\u00f3n\/Zona Roja Cdmx.<\/p>\n\n\n\n<p>Ciudad de M\u00e9xico, a 13 de octubre de 2023.- Habitantes del municipio de C\u00e1rdenas, Tabasco, vivieron momentos de angustia y tensi\u00f3n por varias horas. Esto luego de que se reportara un mot\u00edn al interior del Centro de Readaptaci\u00f3n Social (Cereso) \u201cLas Palmas\u201d durante la noche del jueves. El incidente fue totalmente controlado poco antes del mediod\u00eda de este 13 de octubre, dejando un saldo de cinco muertos y m\u00e1s de una decena de heridos.<\/p>\n\n\n\n<p>Poco antes de las 12:00 horas, el titular de la Secretar\u00eda de Seguridad y Protecci\u00f3n Ciudadana (SSPC) estatal, Hern\u00e1n Berm\u00fadez Requena, se reuni\u00f3 con familiares de las personas que se encuentran recluidas en \u201cLas Palmas\u201d para informar que el orden hab\u00eda sido restablecido al interior del penal.<\/p>\n\n\n\n<p>Indic\u00f3 que para garantizar la seguridad se tom\u00f3 la decisi\u00f3n de trasladar a 28 internos al Cereso ubicado en Villahermosa; cuya distancia es de 55 kil\u00f3metros entre uno y otro.<\/p>\n\n\n\n<p>Asimismo, dio a conocer los nombres de las cinco personas que perdieron la vida a causa del mot\u00edn. Se trata de:<\/p>\n\n\n\n<p>Rub\u00e9n \u201cN\u201d, procesado por violaci\u00f3n, privaci\u00f3n de la libertad y violencia familiar.<\/p>\n\n\n\n<p>Adri\u00e1n \u201cN\u201d, relacionado en tres causas por los delitos de auxilio en la comisi\u00f3n del delito en materia de hidrocarburos, portaci\u00f3n de arma de fuego y posesi\u00f3n de cartuchos exclusivos del Ej\u00e9rcito y contra la salud en la modalidad de narcomenudeo.<\/p>\n\n\n\n<p>Ulises \u201cN\u201d, sentenciado por feminicidio.<\/p>\n\n\n\n<p>Rub\u00e9n \u201cN\u201d, procesado por violaci\u00f3n.<\/p>\n\n\n\n<p>Gerardo \u201cN\u201d y\/o Esteban \u201cN\u201d.<\/p>\n\n\n\n<p>Aunque medios locales se\u00f1alaron que al menos 16 personas privadas de la libertad resultaron lesionadas durante los hechos, el secretario de seguridad puntualiz\u00f3 que \u201cno hay ning\u00fan otro interno o custodio lesionado\u201d.<\/p>\n\n\n\n<p>El hecho fue notificado a la Fiscal\u00eda General del Estado (FGE) de Tabasco, dependencia que ya abri\u00f3 una carpeta de investigaci\u00f3n para investigar lo sucedido por homicidio calificado, da\u00f1os y los que resulten.<\/p>\n\n\n\n<p>Ri\u00f1a inici\u00f3 durante la tarde del jueves<\/p>\n\n\n\n<p>De acuerdo con los reportes policiales, fue alrededor de las 10:30 horas del jueves 12 de octubre cuando internos del m\u00f3dulo dos y el uno comenzaron la agresi\u00f3n.<\/p>\n\n\n\n<p>De manera extraoficial, se revel\u00f3 que la ri\u00f1a inici\u00f3 entre grupos que se formaron al interior del centro penitenciario y los cuales se disputaban el dominio del penal; sin embargo, la Secretar\u00eda de Seguridad Publica del Estado ha referido que hasta el momento, se mantiene el orden en el inmueble e incluso, se dej\u00f3 claro que, derivado de este evento, no hay fugas de internos que lamentar.<\/p>\n\n\n\n<p>Familiares de las personas que se encuentran dentro del centro penitenciario realizaron una protesta en las inmediaciones del mismo, manifestaci\u00f3n que se prolong\u00f3 hasta la carretera C\u00e1rdenas &#8211; Comalcalco donde se bloque\u00f3 la circulaci\u00f3n a modo de exigir que las autoridades competentes dieran un informe respecto a lo que hab\u00eda sucedido al interior del penal.<\/p>\n\n\n\n<p>A trav\u00e9s de las redes sociales se han difundido videos donde se observa a los reos reunidos en una de las zonas del Centro Penitenciario de Las Palmas. La mayor\u00eda de ellos aparece con el rostro cubierto mientras lanza gritos donde se remarca, se termin\u00f3 la extorsi\u00f3n tanto contra ellos como contra sus familiares.<\/p>\n\n\n\n<p>Otro de los reos asevera que el mot\u00edn inici\u00f3 porque una de las autoridades del Cereso, hab\u00eda extorsionado a los familiares de aquellos que protestaron; no obstante, no se ha dado informaci\u00f3n oficial con el fin de desmentir o confirmar que esta fue la verdadera raz\u00f3n por la que el conflicto estall\u00f3.<\/p>\n\n\n\n<p>Tras el primer comunicado de las autoridades, se espera que en breve haya un nuevo pronunciamiento con el fin de conocer los avances de las investigaciones que la Fiscal\u00eda del Estado abri\u00f3 una vez que se arroj\u00f3 el saldo de este evento.<\/p>\n\n\n\n<p>(Informaci\u00f3n de Infobae M\u00e9xico)<\/p>\n","protected":false},"excerpt":{"rendered":"<p>Redacci\u00f3n\/Zona Roja Cdmx. Ciudad de M\u00e9xico, a 13 de octubre de 2023.- Habitantes del municipio&hellip;<\/p>\n","protected":false},"author":2,"featured_media":60943,"comment_status":"closed","ping_status":"open","sticky":false,"template":"","format":"standard","meta":{"_lmt_disableupdate":"","_lmt_disable":"","_jetpack_memberships_contains_paid_content":false,"footnotes":""},"categories":[109,47],"tags":[717],"class_list":["post-60942","post","type-post","status-publish","format-standard","has-post-thumbnail","hentry","category-minuto-a-minuto","category-zona-gris","tag-tabasco"],"jetpack_featured_media_url":"https:\/\/zonaroja.com.mx\/wp-content\/uploads\/2023\/10\/Motin-reclusorio-Tabasco.jpg","jetpack_sharing_enabled":true,"_links":{"self":[{"href":"https:\/\/zonaroja.com.mx\/index.php?rest_route=\/wp\/v2\/posts\/60942","targetHints":{"allow":["GET"]}}],"collection":[{"href":"https:\/\/zonaroja.com.mx\/index.php?rest_route=\/wp\/v2\/posts"}],"about":[{"href":"https:\/\/zonaroja.com.mx\/index.php?rest_route=\/wp\/v2\/types\/post"}],"author":[{"embeddable":true,"href":"https:\/\/zonaroja.com.mx\/index.php?rest_route=\/wp\/v2\/users\/2"}],"replies":[{"embeddable":true,"href":"https:\/\/zonaroja.com.mx\/index.php?rest_route=%2Fwp%2Fv2%2Fcomments&post=60942"}],"version-history":[{"count":1,"href":"https:\/\/zonaroja.com.mx\/index.php?rest_route=\/wp\/v2\/posts\/60942\/revisions"}],"predecessor-version":[{"id":60944,"href":"https:\/\/zonaroja.com.mx\/index.php?rest_route=\/wp\/v2\/posts\/60942\/revisions\/60944"}],"wp:featuredmedia":[{"embeddable":true,"href":"https:\/\/zonaroja.com.mx\/index.php?rest_route=\/wp\/v2\/media\/60943"}],"wp:attachment":[{"href":"https:\/\/zonaroja.com.mx\/index.php?rest_route=%2Fwp%2Fv2%2Fmedia&parent=60942"}],"wp:term":[{"taxonomy":"category","embeddable":true,"href":"https:\/\/zonaroja.com.mx\/index.php?rest_route=%2Fwp%2Fv2%2Fcategories&post=60942"},{"taxonomy":"post_tag","embeddable":true,"href":"https:\/\/zonaroja.com.mx\/index.php?rest_route=%2Fwp%2Fv2%2Ftags&post=60942"}],"curies":[{"name":"wp","href":"https:\/\/api.w.org\/{rel}","templated":true}]}}