{"id":6095,"date":"2019-11-26T16:02:02","date_gmt":"2019-11-26T22:02:02","guid":{"rendered":"http:\/\/www.zonaroja.com.mx\/?p=6095"},"modified":"2019-11-26T16:02:05","modified_gmt":"2019-11-26T22:02:05","slug":"a-tres-dias-sin-atencion-gubernamental-el-lio-yaitepec-juquila","status":"publish","type":"post","link":"https:\/\/zonaroja.com.mx\/?p=6095","title":{"rendered":"A tres d\u00edas, sin atenci\u00f3n gubernamental el l\u00edo Yaitepec-Juquila"},"content":{"rendered":"\n<p>Redacci\u00f3n\/Zona Roja.<\/p>\n\n\n\n<p>Oaxaca de Ju\u00e1rez, Oax., 26 de noviembre\nde 2019.- En plena temporada de arribo de miles de feligreses al santuario \u201cEl\nPedimento\u201d, resurgi\u00f3 el conflicto entre habitantes de Santa Catarina Juquila y\nSantiago Yaitepec quienes se acusan mutuamente de no respetar los acuerdos\nprevios y reiniciar el enfrentamiento.<\/p>\n\n\n\n<p>Y a tres d\u00edas de los m\u00e1s recientes hechos\nviolentos, entre ellos retenci\u00f3n de personas y agresiones, ni la Secretar\u00eda\nGeneral de Gobierno ni ninguna otra dependencia gubernamental estatal o federal\nse ha pronunciado al respecto; mucho menos ha dado a conocer la situaci\u00f3n real.<\/p>\n\n\n\n<p>La noche de este lunes se alert\u00f3 sobre\npresuntas detonaciones de armas de fuego en inmediaciones del recinto religioso\nm\u00e1s visitado al interior del estado, cuyo acceso carretero nuevamente fue\ncerrado desde el pasado domingo por parte de Yaitepec, por lo que los turistas\nreligiosos tienen que viajar hasta R\u00edo Grande a fin de visitar a la virgen de Juquila.<\/p>\n\n\n\n<p>\u201cDurante el d\u00edam peregrinos no pudieron\nacceder a \u201cEl Pedimento\u201d por lo que unas cinco personas resultaron lesionadas\u201d,\nasegura Juquila, adem\u00e1s de solicitar la intervenci\u00f3n de elementos de Seguridad\nP\u00fablica y personal de la Secretar\u00eda General de Gobierno cuyo titular\npreviamente ha llamado a ambas comunidades al di\u00e1logo sin \u00e9xito alguno.<\/p>\n\n\n\n<p>Desde temprana hora de este 25 de\nnoviembre, representantes del Comisariado de Bienes Comunales de Juquila\nemitieron un comunicado de prensa en el que confirmaron la desaparici\u00f3n de tres\npersonas desde una noche antes que sujetos encapuchados y armado de Santiago\nYaitepec ingresaron de forma violenta a la parcela comunal denominada \u201cEl\nPedimento\u201d, en donde desarmaron a la Polic\u00eda Estatal, se apoderaron de sus\narmas y lesionaron a personas que ah\u00ed se encontraban.<\/p>\n\n\n\n<p>Los desaparecidos responden a los\nnombres de Pedro Carmona, Carmelo Cort\u00e9s y Marcos Hern\u00e1ndez, de quienes se\ndesconoce el paradero y se teme por su integridad f\u00edsica.<\/p>\n\n\n\n<p>Raz\u00f3n por la que pidieron la\nintervenci\u00f3n de organismos de Seguridad P\u00fablica estatal y federal a fin de\nrestablecer el orden y encontrar con vida y a la brevedad a las personas\ndesparecidas, aplicar la ley a quienes encabezan el grupo de encapuchados con\narmas de alto poder, antes de que provoquen inestabilidad en la regi\u00f3n.&nbsp;&nbsp;&nbsp; <\/p>\n\n\n\n<p>Aseguraron que el ataque del que fueron\nv\u00edctimas no fue realizado por el pueblo de Yaitepec, sino por un grupo\nencabezado por Fausto Salinas Santiago, Frederick Salinas, Roberto Salinas\nSantiago, Carmelo Salinas Guzm\u00e1n, Filem\u00f3n Cruz Velasco, entre otros, quienes\ntienen que ser sancionado por las autoridades estatales en cabezadas por la\nFiscal\u00eda General, a cargo de Rub\u00e9n Vasconcelos M\u00e9ndez.<\/p>\n\n\n\n<p>Dichas acusaciones fueron negadas por\nlos integrantes del Comisariado de Bienes Comunales de Santiago Yaitepec,\nquienes aseguraron que el domingo pobladores del lugar realizaron un tequio de\nlimpieza en inmediaciones de la carretera que conduce a Santa Catarina Juquila\ny \u201cEl Pedimento\u201d, en donde fueron alertados de que \u201clos sicarios\u201d que reguardan\nel sitio religioso estaban atacando sexualmente a dos jovencitas de su pueblo.<\/p>\n\n\n\n<p>FUERON SICARIOS<\/p>\n\n\n\n<p>De lo anterior acusan a Ren\u00e9 Melgar,\nJuan Ayuso, Gabriel Ventura, Carmelo Hern\u00e1ndez, Marcos Hern\u00e1ndez y Pedro\nSalinas, quienes han constatado se encuentran escondidos en Juquila, con la\ncomplicidad del Comisariado de Bienes Comunales que les protege y la Polic\u00eda\nEstatal que permite que este grupo se encuentre armados y cometan cualquier\ntipo de ataque en contra de la poblaci\u00f3n vecina bajo el argumento de proteger \u201cEl\nPedimento\u201d.<\/p>\n\n\n\n<p>\u201cFueron los sicarios de Juquila que\nresguardaban en \u2018El Pedimento\u2019 con \u2018cuernos de chivo\u2019, quienes dispararan a\ndiestra y siniestra a nuestros comuneros, lesionando con disparos de arma de\nfuego a Juan Peralta Cruz, Mariana Maule\u00f3n Peralta, Macario P\u00e9rez Mart\u00ednez,\nFernando Cruz Cruz, Pedro Peralta Garc\u00eda y Jacinto Salinas Cruz, quienes se\nencuentran gravemente heridos\u201d, cita el comunicado emitido.<\/p>\n\n\n\n<p>As\u00ed mismo, negaron cualquier tipo de\nresponsabilidad en la desaparici\u00f3n de persona y denunciaron a las autoridades\ncomunales de Juquila de amenazar a sus asesores legales con quienes se\nencuentran trabajando para defender las m\u00e1s de dos mil 400 hect\u00e1reas que les\nfueron arrebatadas, incluyendo \u201cEl Pedimento\u201d, situaci\u00f3n en la que no cesaran,\na pesar de la presencia de sicarios en la zona contratados por las autoridades\njuquile\u00f1as para exterminar a su pueblo.<\/p>\n\n\n\n<p>El conflicto en la zona ha estado\nlatente durante todo este 2019, sin que las autoridades del gobierno estatal\npuedan resolver la problem\u00e1tica en la que ambas localidades se disputan la\npertenencia de tierras, entre ellas \u201cEl Pedimento\u201d, sitio religioso que recibe\na miles de visitantes durante el a\u00f1o, lo que equivale a una importante derrama\necon\u00f3mica.<\/p>\n\n\n\n<p>Cabe mencionar que la fiesta principal\nde Juquila es el 8 de diciembre, en que llegan miles de visitantes de la\nentidad y de otras partes de la Rep\u00fablica Mexicana.<\/p>\n","protected":false},"excerpt":{"rendered":"<p>Redacci\u00f3n\/Zona Roja. Oaxaca de Ju\u00e1rez, Oax., 26 de noviembre de 2019.- En plena temporada de&hellip;<\/p>\n","protected":false},"author":2,"featured_media":6096,"comment_status":"closed","ping_status":"open","sticky":false,"template":"","format":"standard","meta":{"_lmt_disableupdate":"","_lmt_disable":"","_jetpack_memberships_contains_paid_content":false,"footnotes":""},"categories":[109,47],"tags":[545,546],"class_list":["post-6095","post","type-post","status-publish","format-standard","has-post-thumbnail","hentry","category-minuto-a-minuto","category-zona-gris","tag-santa-catarina-juquila","tag-santiago-yaitepec"],"jetpack_featured_media_url":"https:\/\/zonaroja.com.mx\/wp-content\/uploads\/2019\/11\/Image-1-48.png","jetpack_sharing_enabled":true,"_links":{"self":[{"href":"https:\/\/zonaroja.com.mx\/index.php?rest_route=\/wp\/v2\/posts\/6095","targetHints":{"allow":["GET"]}}],"collection":[{"href":"https:\/\/zonaroja.com.mx\/index.php?rest_route=\/wp\/v2\/posts"}],"about":[{"href":"https:\/\/zonaroja.com.mx\/index.php?rest_route=\/wp\/v2\/types\/post"}],"author":[{"embeddable":true,"href":"https:\/\/zonaroja.com.mx\/index.php?rest_route=\/wp\/v2\/users\/2"}],"replies":[{"embeddable":true,"href":"https:\/\/zonaroja.com.mx\/index.php?rest_route=%2Fwp%2Fv2%2Fcomments&post=6095"}],"version-history":[{"count":1,"href":"https:\/\/zonaroja.com.mx\/index.php?rest_route=\/wp\/v2\/posts\/6095\/revisions"}],"predecessor-version":[{"id":6097,"href":"https:\/\/zonaroja.com.mx\/index.php?rest_route=\/wp\/v2\/posts\/6095\/revisions\/6097"}],"wp:featuredmedia":[{"embeddable":true,"href":"https:\/\/zonaroja.com.mx\/index.php?rest_route=\/wp\/v2\/media\/6096"}],"wp:attachment":[{"href":"https:\/\/zonaroja.com.mx\/index.php?rest_route=%2Fwp%2Fv2%2Fmedia&parent=6095"}],"wp:term":[{"taxonomy":"category","embeddable":true,"href":"https:\/\/zonaroja.com.mx\/index.php?rest_route=%2Fwp%2Fv2%2Fcategories&post=6095"},{"taxonomy":"post_tag","embeddable":true,"href":"https:\/\/zonaroja.com.mx\/index.php?rest_route=%2Fwp%2Fv2%2Ftags&post=6095"}],"curies":[{"name":"wp","href":"https:\/\/api.w.org\/{rel}","templated":true}]}}