{"id":60958,"date":"2023-10-14T11:00:00","date_gmt":"2023-10-14T16:00:00","guid":{"rendered":"http:\/\/www.zonaroja.com.mx\/?p=60958"},"modified":"2023-10-14T08:02:45","modified_gmt":"2023-10-14T13:02:45","slug":"muere-periodista-de-reuters-en-ataque-de-israel-contra-hamas","status":"publish","type":"post","link":"https:\/\/zonaroja.com.mx\/?p=60958","title":{"rendered":"Muere periodista de Reuters en ataque de Israel contra Ham\u00e1s"},"content":{"rendered":"\n<p>Redacci\u00f3n\/Zona Roja Cdmx.<\/p>\n\n\n\n<p>Ciudad de M\u00e9xico, a 14 de octubre de 2023.- Un proyectil israel\u00ed impact\u00f3 el viernes en una reuni\u00f3n de periodistas internacionales que cubren los combates en la frontera del sur de L\u00edbano, causando&nbsp;la muerte de un camar\u00f3grafo de la agencia Reuters y heridas a otros seis periodistas.<\/p>\n\n\n\n<p>Un fot\u00f3grafo de&nbsp;The Associated Press que se encontraba en el sitio asegur\u00f3 ver el cad\u00e1ver del camar\u00f3grafo de Reuters, Issam Abdallah, as\u00ed como a otros seis periodistas que resultaron lesionados, algunos de los cuales fueron trasladados a hospitales en ambulancias. Im\u00e1genes del sitio tambi\u00e9n mostraban un autom\u00f3vil carbonizado.<\/p>\n\n\n\n<p>\u201cNos entristece profundamente comunicarles que nuestro camar\u00f3grafo, Issam Abdallah, ha sido asesinado\u201d, inform\u00f3 la agencia de noticias&nbsp;Reuters&nbsp;en un comunicado. El medio de comunicaci\u00f3n a\u00f1adi\u00f3 que Abdallah formaba parte del equipo de reporteros&nbsp;en el sur de L\u00edbano que estaba brindando una se\u00f1al en vivo.<\/p>\n\n\n\n<p>Reuters a\u00f1adi\u00f3 que otros dos de sus periodistas, Thaer Al-Sudani y Maher Nazeh, tambi\u00e9n resultaron heridos en el incidente ocurrido en la zona fronteriza.<\/p>\n\n\n\n<p>Por su parte, la televisora qatar\u00ed Al Jazeera&nbsp;report\u00f3 que dos de sus empleados, Elie Brakhya y la periodista&nbsp;Carmen Joukhadar, tambi\u00e9n se encontraban entre los heridos.<\/p>\n\n\n\n<p>La agencia de noticias internacional francesa Agence France-Presse&nbsp;(AFP) revel\u00f3 que dos de sus periodistas&nbsp;tambi\u00e9n se encontraban entre los heridos, pero en su caso opt\u00f3 por no divulgar sus nombres.<\/p>\n\n\n\n<p>El primer ministro provisional de L\u00edbano, Najib Mikati, conden\u00f3 en un comunicado el ataque de Israel que impact\u00f3 a los periodistas \u201cdurante su agresi\u00f3n en el sur del L\u00edbano\u201d.<\/p>\n\n\n\n<p>El portavoz de la ONU, St\u00e9phane Dujarric, se\u00f1al\u00f3 que los decesos \u201ceran otro ejemplo de&nbsp;los peligros diarios que enfrentan los periodistas que cubren conflictos en distintas partes del mundo\u201d y dijo que el organismo espera que se lleve a cabo una investigaci\u00f3n sobre lo ocurrido.<\/p>\n\n\n\n<p>\u201cLos periodistas necesitan estar protegidos y poder hacer su trabajo\u201d, manifest\u00f3 durante una sesi\u00f3n informativa en la sede de la ONU.<\/p>\n\n\n\n<p>(Informaci\u00f3n de AP en \u201cNaci\u00f3n 321\u201d)<\/p>\n","protected":false},"excerpt":{"rendered":"<p>Redacci\u00f3n\/Zona Roja Cdmx. Ciudad de M\u00e9xico, a 14 de octubre de 2023.- Un proyectil israel\u00ed&hellip;<\/p>\n","protected":false},"author":2,"featured_media":60953,"comment_status":"closed","ping_status":"open","sticky":false,"template":"","format":"standard","meta":{"_lmt_disableupdate":"","_lmt_disable":"","_jetpack_memberships_contains_paid_content":false,"footnotes":""},"categories":[109,47],"tags":[2668],"class_list":["post-60958","post","type-post","status-publish","format-standard","has-post-thumbnail","hentry","category-minuto-a-minuto","category-zona-gris","tag-conflicto-gaza-israel"],"jetpack_featured_media_url":"https:\/\/zonaroja.com.mx\/wp-content\/uploads\/2023\/10\/Periodistas-asesinados-Israel-Gaza.jpeg","jetpack_sharing_enabled":true,"_links":{"self":[{"href":"https:\/\/zonaroja.com.mx\/index.php?rest_route=\/wp\/v2\/posts\/60958","targetHints":{"allow":["GET"]}}],"collection":[{"href":"https:\/\/zonaroja.com.mx\/index.php?rest_route=\/wp\/v2\/posts"}],"about":[{"href":"https:\/\/zonaroja.com.mx\/index.php?rest_route=\/wp\/v2\/types\/post"}],"author":[{"embeddable":true,"href":"https:\/\/zonaroja.com.mx\/index.php?rest_route=\/wp\/v2\/users\/2"}],"replies":[{"embeddable":true,"href":"https:\/\/zonaroja.com.mx\/index.php?rest_route=%2Fwp%2Fv2%2Fcomments&post=60958"}],"version-history":[{"count":1,"href":"https:\/\/zonaroja.com.mx\/index.php?rest_route=\/wp\/v2\/posts\/60958\/revisions"}],"predecessor-version":[{"id":60959,"href":"https:\/\/zonaroja.com.mx\/index.php?rest_route=\/wp\/v2\/posts\/60958\/revisions\/60959"}],"wp:featuredmedia":[{"embeddable":true,"href":"https:\/\/zonaroja.com.mx\/index.php?rest_route=\/wp\/v2\/media\/60953"}],"wp:attachment":[{"href":"https:\/\/zonaroja.com.mx\/index.php?rest_route=%2Fwp%2Fv2%2Fmedia&parent=60958"}],"wp:term":[{"taxonomy":"category","embeddable":true,"href":"https:\/\/zonaroja.com.mx\/index.php?rest_route=%2Fwp%2Fv2%2Fcategories&post=60958"},{"taxonomy":"post_tag","embeddable":true,"href":"https:\/\/zonaroja.com.mx\/index.php?rest_route=%2Fwp%2Fv2%2Ftags&post=60958"}],"curies":[{"name":"wp","href":"https:\/\/api.w.org\/{rel}","templated":true}]}}