{"id":60960,"date":"2023-10-14T12:00:00","date_gmt":"2023-10-14T17:00:00","guid":{"rendered":"http:\/\/www.zonaroja.com.mx\/?p=60960"},"modified":"2023-10-14T08:16:37","modified_gmt":"2023-10-14T13:16:37","slug":"sentencian-a-24-anos-a-individuo-que-violo-y-golpeo-a-mujer-hasta-provocarle-aborto","status":"publish","type":"post","link":"https:\/\/zonaroja.com.mx\/?p=60960","title":{"rendered":"Sentencian a 24 a\u00f1os a individuo que viol\u00f3 y golpe\u00f3 a mujer hasta provocarle aborto"},"content":{"rendered":"\n<p>Redacci\u00f3n\/Zona Roja.<\/p>\n\n\n\n<p>Oaxaca de Ju\u00e1rez, Oax., a 14 de octubre de 2023.- La Fiscal\u00eda General del Estado obtuvo una sentencia de 24 a\u00f1os de prisi\u00f3n contra un hombre identificado como M.A.R.M., por los delitos de violaci\u00f3n agravada y aborto, en hechos ocurridos en la regi\u00f3n de la Cuenca.&nbsp;<\/p>\n\n\n\n<p>De acuerdo con la causa penal, el 9 de noviembre de 2018, despu\u00e9s de que la v\u00edctima -B. C. V.- &nbsp;saliera de una revisi\u00f3n m\u00e9dica en la que le confirmaron que se encontraba embarazada, M.A.R.M.&nbsp; la agredi\u00f3 f\u00edsicamente, lo que provoc\u00f3 que dos d\u00edas despu\u00e9s sufriera un aborto.&nbsp;<\/p>\n\n\n\n<p>Adem\u00e1s de este delito, el sentenciado agredi\u00f3 sexualmente a la v\u00edctima en su domicilio, ubicado en San Juan Bautista Tuxtepec.<\/p>\n\n\n\n<p>Por los hechos, B.C.V. acudi\u00f3 a la FGEO a realizar la denuncia correspondiente, ante lo cual, la Vicefiscal\u00eda Regional de la Cuenca qued\u00f3 a cargo de la investigaci\u00f3n, misma que realiz\u00f3 las diligencias que permitieron obtener la orden de aprehensi\u00f3n que hizo posible la detenci\u00f3n de M.A.R.M.<\/p>\n\n\n\n<p>Y, tras presentar las pruebas ante el Juez que atiende la causa, \u00e9ste dict\u00f3 sentencia condenatoria de 24 a\u00f1os de prisi\u00f3n en contra de M.A.R.M. por su responsabilidad en los delitos de violaci\u00f3n agravada y aborto, previsto en el art\u00edculo 313 en el numeral 312 del C\u00f3digo Penal, as\u00ed tambi\u00e9n le impuso el pago de una multa y de la reparaci\u00f3n del da\u00f1o.<\/p>\n\n\n\n<p>La Fiscal\u00eda General del Estado de Oaxaca est\u00e1 comprometida en atender en todo momento los casos de delitos contra mujeres desde la perspectiva de g\u00e9nero, esto a fin de garantizar a la v\u00edctima un pleno acceso a la procuraci\u00f3n de justicia.<\/p>\n\n\n\n<p>OTROS CASOS EN CUENCA<\/p>\n\n\n\n<p>Por otro lado, bajo la pol\u00edtica de cero tolerancia contra delitos sexuales cometidos contra ni\u00f1as, ni\u00f1os y adolescentes, la Fiscal\u00eda General del Estado de Oaxaca (FGEO) obtuvo un fallo condenatorio por abuso sexual agravado y una vinculaci\u00f3n a proceso por el delito equiparado a la violaci\u00f3n agravada, hechos cometidos en la regi\u00f3n de la Cuenca del Papaloapan.<\/p>\n\n\n\n<p>El primero de los casos ocurri\u00f3 en diferentes fechas de enero de 2021, cuando las v\u00edctimas ten\u00edan 9 y 5 a\u00f1os de edad (cuya identidad est\u00e1 reservada por ley). Ambos casos sucedieron en la localidad de El Jimbal, en San Juan Bautista Tuxtepec.<\/p>\n\n\n\n<p>En el sitio, B. R. J., alias \u201cEl Bicholo\u201d, agredi\u00f3 a las v\u00edctimas al manifestar conductas que se configuran en delitos contenidos en el c\u00f3digo penal vigente del estado de Oaxaca, por lo que familiares de las dos ni\u00f1as agredidas acudieron ante la FGEO para denunciar los hechos.<\/p>\n\n\n\n<p>Las investigaciones corrieron a cargo de la Vicefiscal\u00eda Regional de la Cuenca que desahog\u00f3 las pruebas suficientes, las cuales no pudieron ser contradichas por la defensa, por lo que el Juez dict\u00f3 fallo condenatorio en contra de B. R. J., alias \u201cEl Bicholo\u201d, por su responsabilidad en la comisi\u00f3n del delito de abuso sexual agravado.<\/p>\n\n\n\n<p>El segundo de los casos ocurri\u00f3 el 28 de julio de 2017, cuando la v\u00edctima ten\u00eda 9 a\u00f1os de edad (cuya identidad est\u00e1 reservada por ley) se encontraba en calles de Tierra Negra, San Jos\u00e9 Chiltepec, cuando fue llevada a un domicilio particular en donde fue agredida sexualmente, conducta que se traduce en el delito de equiparado a la violaci\u00f3n agravada.<\/p>\n\n\n\n<p>La familia de la v\u00edctima acudi\u00f3 ante la FGEO para denunciar el hecho por el cual se logr\u00f3 aprehender a una persona que fue llevada ante el Juez quien, luego de evaluar las pruebas, dict\u00f3 auto de vinculaci\u00f3n a proceso en contra de J. A. R. B. por el delito de equiparado a la violaci\u00f3n agravada, adem\u00e1s que impuso prisi\u00f3n preventiva y otorg\u00f3 tres meses para el cierre de la investigaci\u00f3n.&nbsp;<\/p>\n\n\n\n<p>La Fiscal\u00eda de Oaxaca aplica todo el rigor de la ley en los trabajos de procuraci\u00f3n de justicia a favor de v\u00edctimas de cualquier tipo de delito relacionado con agresiones sexuales, adem\u00e1s que brinda servicios de acompa\u00f1amiento integral durante el proceso.<\/p>\n","protected":false},"excerpt":{"rendered":"<p>Redacci\u00f3n\/Zona Roja. Oaxaca de Ju\u00e1rez, Oax., a 14 de octubre de 2023.- La Fiscal\u00eda General&hellip;<\/p>\n","protected":false},"author":2,"featured_media":7280,"comment_status":"closed","ping_status":"open","sticky":false,"template":"","format":"standard","meta":{"_lmt_disableupdate":"","_lmt_disable":"","_jetpack_memberships_contains_paid_content":false,"footnotes":""},"categories":[109,46],"tags":[494],"class_list":["post-60960","post","type-post","status-publish","format-standard","has-post-thumbnail","hentry","category-minuto-a-minuto","category-zona-blanca","tag-fiscalia-general-del-estado-de-oaxaca"],"jetpack_featured_media_url":"https:\/\/zonaroja.com.mx\/wp-content\/uploads\/2020\/01\/prisi\u00f3n.jpg","jetpack_sharing_enabled":true,"_links":{"self":[{"href":"https:\/\/zonaroja.com.mx\/index.php?rest_route=\/wp\/v2\/posts\/60960","targetHints":{"allow":["GET"]}}],"collection":[{"href":"https:\/\/zonaroja.com.mx\/index.php?rest_route=\/wp\/v2\/posts"}],"about":[{"href":"https:\/\/zonaroja.com.mx\/index.php?rest_route=\/wp\/v2\/types\/post"}],"author":[{"embeddable":true,"href":"https:\/\/zonaroja.com.mx\/index.php?rest_route=\/wp\/v2\/users\/2"}],"replies":[{"embeddable":true,"href":"https:\/\/zonaroja.com.mx\/index.php?rest_route=%2Fwp%2Fv2%2Fcomments&post=60960"}],"version-history":[{"count":1,"href":"https:\/\/zonaroja.com.mx\/index.php?rest_route=\/wp\/v2\/posts\/60960\/revisions"}],"predecessor-version":[{"id":60961,"href":"https:\/\/zonaroja.com.mx\/index.php?rest_route=\/wp\/v2\/posts\/60960\/revisions\/60961"}],"wp:featuredmedia":[{"embeddable":true,"href":"https:\/\/zonaroja.com.mx\/index.php?rest_route=\/wp\/v2\/media\/7280"}],"wp:attachment":[{"href":"https:\/\/zonaroja.com.mx\/index.php?rest_route=%2Fwp%2Fv2%2Fmedia&parent=60960"}],"wp:term":[{"taxonomy":"category","embeddable":true,"href":"https:\/\/zonaroja.com.mx\/index.php?rest_route=%2Fwp%2Fv2%2Fcategories&post=60960"},{"taxonomy":"post_tag","embeddable":true,"href":"https:\/\/zonaroja.com.mx\/index.php?rest_route=%2Fwp%2Fv2%2Ftags&post=60960"}],"curies":[{"name":"wp","href":"https:\/\/api.w.org\/{rel}","templated":true}]}}