{"id":60969,"date":"2023-10-14T16:00:00","date_gmt":"2023-10-14T21:00:00","guid":{"rendered":"http:\/\/www.zonaroja.com.mx\/?p=60969"},"modified":"2023-10-14T08:42:12","modified_gmt":"2023-10-14T13:42:12","slug":"concluye-taller-para-jueces-sobre-el-protocolo-para-juzgar-con-perspectiva","status":"publish","type":"post","link":"https:\/\/zonaroja.com.mx\/?p=60969","title":{"rendered":"Concluye\u00a0\u00a0taller\u00a0para jueces\u00a0sobre\u00a0el\u00a0protocolo para juzgar con perspectiva"},"content":{"rendered":"\n<p>Redacci\u00f3n\/Zona Roja.<\/p>\n\n\n\n<p>Oaxaca de Ju\u00e1rez, Oax., a 14 de octubre de 2023.-El Poder Judicial del Estado, a trav\u00e9s de la Escuela Judicial,&nbsp;concluy\u00f3 las actividades del&nbsp;Taller para la Implementaci\u00f3n del Protocolo para Juzgar con&nbsp;Perspectiva,&nbsp;dirigido a juezas y jueces enlas&nbsp;\u00e1reas Civil, Familiar, Penal, Justicia Laboral y Sistema Acusatorio Penal&nbsp;de las diferentes regiones&nbsp;de la entidad.<\/p>\n\n\n\n<p>La actividad, que se desarroll\u00f3 en dos grupos,&nbsp;tuvo como&nbsp;objetivo de&nbsp;orientar la actuaci\u00f3n de las y los&nbsp;jueces&nbsp;sobre este documento elaborado por&nbsp;la Suprema Corte de Justicia de la Naci\u00f3n&nbsp;a fin de&nbsp;acabar con estereotipos que provocan la discriminaci\u00f3n en la impartici\u00f3n de justicia y hacer realidad el principio de igualdad entre hombres y mujeres.<\/p>\n\n\n\n<p>Las especialistas Erika Lili D\u00edaz Cruz, Yesica Azucena D\u00edaz Cruz y Guadalupe Carolina Santaella Rivas,&nbsp;abordaron&nbsp;temas como:G\u00e9nero e impartici\u00f3n de justicia:&nbsp;conceptos b\u00e1sicos;&nbsp;violencia por raz\u00f3n de g\u00e9nero y sexismo; Perspectiva de g\u00e9nero en el acceso a la justicia, el deber de la protecci\u00f3n reforzada del Estado frente a las&nbsp;violencias y&nbsp;Herramientas de autocuidado personal.<\/p>\n\n\n\n<p>Una de las prioridades en la actual administraci\u00f3n del magistrado Eduardo Pinacho S\u00e1nchez es fortalecer el conocimiento y la&nbsp;perspectiva de g\u00e9nero&nbsp;entre los impartidores de justicia, funci\u00f3n que implica hacer realidad el derecho de igualdad entre hombres y mujeres y&nbsp;que,&nbsp;adem\u00e1s, constituye un mandato constitucional y convencional.<\/p>\n","protected":false},"excerpt":{"rendered":"<p>Redacci\u00f3n\/Zona Roja. Oaxaca de Ju\u00e1rez, Oax., a 14 de octubre de 2023.-El Poder Judicial del&hellip;<\/p>\n","protected":false},"author":2,"featured_media":60970,"comment_status":"closed","ping_status":"open","sticky":false,"template":"","format":"standard","meta":{"_lmt_disableupdate":"","_lmt_disable":"","_jetpack_memberships_contains_paid_content":false,"footnotes":""},"categories":[109,46],"tags":[223],"class_list":["post-60969","post","type-post","status-publish","format-standard","has-post-thumbnail","hentry","category-minuto-a-minuto","category-zona-blanca","tag-poder-judicial-de-oaxaca"],"jetpack_featured_media_url":"https:\/\/zonaroja.com.mx\/wp-content\/uploads\/2023\/10\/Como-parte-del-taller-se-realizaron-diferentes-dinamicas.jpg","jetpack_sharing_enabled":true,"_links":{"self":[{"href":"https:\/\/zonaroja.com.mx\/index.php?rest_route=\/wp\/v2\/posts\/60969","targetHints":{"allow":["GET"]}}],"collection":[{"href":"https:\/\/zonaroja.com.mx\/index.php?rest_route=\/wp\/v2\/posts"}],"about":[{"href":"https:\/\/zonaroja.com.mx\/index.php?rest_route=\/wp\/v2\/types\/post"}],"author":[{"embeddable":true,"href":"https:\/\/zonaroja.com.mx\/index.php?rest_route=\/wp\/v2\/users\/2"}],"replies":[{"embeddable":true,"href":"https:\/\/zonaroja.com.mx\/index.php?rest_route=%2Fwp%2Fv2%2Fcomments&post=60969"}],"version-history":[{"count":1,"href":"https:\/\/zonaroja.com.mx\/index.php?rest_route=\/wp\/v2\/posts\/60969\/revisions"}],"predecessor-version":[{"id":60971,"href":"https:\/\/zonaroja.com.mx\/index.php?rest_route=\/wp\/v2\/posts\/60969\/revisions\/60971"}],"wp:featuredmedia":[{"embeddable":true,"href":"https:\/\/zonaroja.com.mx\/index.php?rest_route=\/wp\/v2\/media\/60970"}],"wp:attachment":[{"href":"https:\/\/zonaroja.com.mx\/index.php?rest_route=%2Fwp%2Fv2%2Fmedia&parent=60969"}],"wp:term":[{"taxonomy":"category","embeddable":true,"href":"https:\/\/zonaroja.com.mx\/index.php?rest_route=%2Fwp%2Fv2%2Fcategories&post=60969"},{"taxonomy":"post_tag","embeddable":true,"href":"https:\/\/zonaroja.com.mx\/index.php?rest_route=%2Fwp%2Fv2%2Ftags&post=60969"}],"curies":[{"name":"wp","href":"https:\/\/api.w.org\/{rel}","templated":true}]}}