{"id":6098,"date":"2019-11-26T16:39:00","date_gmt":"2019-11-26T22:39:00","guid":{"rendered":"http:\/\/www.zonaroja.com.mx\/?p=6098"},"modified":"2019-11-26T16:39:03","modified_gmt":"2019-11-26T22:39:03","slug":"detienen-a-individuo-que-presuntamente-agredia-sexualmente-a-un-perro","status":"publish","type":"post","link":"https:\/\/zonaroja.com.mx\/?p=6098","title":{"rendered":"Detienen a individuo que presuntamente agred\u00eda sexualmente a un perro"},"content":{"rendered":"\n<p>Redacci\u00f3n\/Zona Roja.<\/p>\n\n\n\n<p>Oaxaca de Ju\u00e1rez, Oax., 26 de noviembre\nde 2019.- Un sujeto que presuntamente abusaba sexualmente a un perro fue\ndetenido por elementos de la Polic\u00eda Municipal de Oaxaca de Ju\u00e1rez.<\/p>\n\n\n\n<p>Tras una denuncia v\u00eda redes sociales, uniformados\nacudieron a la parte baja del puente \u201cGuadalupe Victoria\u201d del r\u00edo \u201cAtoyac\u201d.<\/p>\n\n\n\n<p>Ah\u00ed detuvieron en flagrancia al\nindividuo que violentaba al animal; la Alcald\u00eda Municipal turn\u00f3 de inmediato\nel caso al Juzgado Calificador Especializado para la Atenci\u00f3n, Erradicaci\u00f3n y\nSanci\u00f3n del Maltrato Animal para actuar en consecuencia.<\/p>\n\n\n\n<p>Fue as\u00ed que\npersonal de la Direcci\u00f3n de Seguridad P\u00fablica, Vialidad y Protecci\u00f3n Ciudadana\ntom\u00f3 conocimiento de la denuncia, con lo que se logr\u00f3 la detenci\u00f3n de la\npersona alrededor de las 14:45 horas del lunes, inform\u00f3 en un comunicado.<\/p>\n\n\n\n<p>Detall\u00f3 que\nel sujeto aprehendido en flagrancia fue puesto a disposici\u00f3n de la Fiscal\u00eda\nGeneral del Estado para que se determine su situaci\u00f3n jur\u00eddica por la probable\nresponsabilidad en la comisi\u00f3n del delito de abuso sexual a animales\n(zoofilia), tipificado en el art\u00edculo 421 del C\u00f3digo Penal del estado de\nOaxaca.<\/p>\n\n\n\n<p>En tanto, el\nperro fue asegurado por la Subdirecci\u00f3n de Control Sanitario, de la Direcci\u00f3n\nde Servicios Municipales, y posteriormente una m\u00e9dica veterinaria realiz\u00f3 su\ncertificaci\u00f3n.<\/p>\n\n\n\n<p>La Alcald\u00eda\nMunicipal inici\u00f3 un cuaderno de antecedentes con la queja ciudadana que fue\ncompartida a trav\u00e9s de redes sociales.<\/p>\n\n\n\n<p>Indic\u00f3 que el\nayuntamiento de Oaxaca de Ju\u00e1rez continuar\u00e1 promoviendo el respeto y bienestar\nanimal e impulsando acciones para evitar el maltrato a los seres sintientes que\nhabitan en el municipio.<\/p>\n","protected":false},"excerpt":{"rendered":"<p>Redacci\u00f3n\/Zona Roja. Oaxaca de Ju\u00e1rez, Oax., 26 de noviembre de 2019.- Un sujeto que presuntamente&hellip;<\/p>\n","protected":false},"author":2,"featured_media":6099,"comment_status":"closed","ping_status":"open","sticky":false,"template":"","format":"standard","meta":{"_lmt_disableupdate":"","_lmt_disable":"","_jetpack_memberships_contains_paid_content":false,"footnotes":""},"categories":[109,47],"tags":[],"class_list":["post-6098","post","type-post","status-publish","format-standard","has-post-thumbnail","hentry","category-minuto-a-minuto","category-zona-gris"],"jetpack_featured_media_url":"https:\/\/zonaroja.com.mx\/wp-content\/uploads\/2019\/11\/Agresor-de-perro.jpg","jetpack_sharing_enabled":true,"_links":{"self":[{"href":"https:\/\/zonaroja.com.mx\/index.php?rest_route=\/wp\/v2\/posts\/6098","targetHints":{"allow":["GET"]}}],"collection":[{"href":"https:\/\/zonaroja.com.mx\/index.php?rest_route=\/wp\/v2\/posts"}],"about":[{"href":"https:\/\/zonaroja.com.mx\/index.php?rest_route=\/wp\/v2\/types\/post"}],"author":[{"embeddable":true,"href":"https:\/\/zonaroja.com.mx\/index.php?rest_route=\/wp\/v2\/users\/2"}],"replies":[{"embeddable":true,"href":"https:\/\/zonaroja.com.mx\/index.php?rest_route=%2Fwp%2Fv2%2Fcomments&post=6098"}],"version-history":[{"count":1,"href":"https:\/\/zonaroja.com.mx\/index.php?rest_route=\/wp\/v2\/posts\/6098\/revisions"}],"predecessor-version":[{"id":6100,"href":"https:\/\/zonaroja.com.mx\/index.php?rest_route=\/wp\/v2\/posts\/6098\/revisions\/6100"}],"wp:featuredmedia":[{"embeddable":true,"href":"https:\/\/zonaroja.com.mx\/index.php?rest_route=\/wp\/v2\/media\/6099"}],"wp:attachment":[{"href":"https:\/\/zonaroja.com.mx\/index.php?rest_route=%2Fwp%2Fv2%2Fmedia&parent=6098"}],"wp:term":[{"taxonomy":"category","embeddable":true,"href":"https:\/\/zonaroja.com.mx\/index.php?rest_route=%2Fwp%2Fv2%2Fcategories&post=6098"},{"taxonomy":"post_tag","embeddable":true,"href":"https:\/\/zonaroja.com.mx\/index.php?rest_route=%2Fwp%2Fv2%2Ftags&post=6098"}],"curies":[{"name":"wp","href":"https:\/\/api.w.org\/{rel}","templated":true}]}}