{"id":60983,"date":"2023-10-15T07:33:40","date_gmt":"2023-10-15T12:33:40","guid":{"rendered":"http:\/\/www.zonaroja.com.mx\/?p=60983"},"modified":"2023-10-15T07:33:43","modified_gmt":"2023-10-15T12:33:43","slug":"anuncia-amlo-que-el-22-de-diciembre-se-inaugura-el-tren-del-istmo","status":"publish","type":"post","link":"https:\/\/zonaroja.com.mx\/?p=60983","title":{"rendered":"Anuncia AMLO que el 22 de diciembre se inaugura el tren del Istmo\u00a0"},"content":{"rendered":"\n<p>Redacci\u00f3n\/Zona Roja Cdmx.<\/p>\n\n\n\n<p>Ciudad de M\u00e9xico, a 15 de octubre de 2023.- El presidente Andr\u00e9s Manuel L\u00f3pez Obrador supervis\u00f3 ayer nuevamente el Tren Interoce\u00e1nico en su recorrido de Coatzacoalcos, Veracruz, a Salina Cruz, Oaxaca, y desde ese ferrocarril de pasajeros expuso que forma parte de un proyecto de mucho futuro, que llevar\u00e1 alegr\u00eda y progreso a la zona del Istmo de Tehuantepec y que se inaugurar\u00e1, dijo, el pr\u00f3ximo 22 de diciembre.<\/p>\n\n\n\n<p>A trav\u00e9s de un video, desde el que se ve el rodar del Tren, acompa\u00f1ado del secretario de Marina, el almirante Rafael Ojeda Dur\u00e1n, el Ejecutivo federal expres\u00f3 sonriente que la v\u00eda ya est\u00e1 mejor y el transporte es muy c\u00f3modo.<\/p>\n\n\n\n<p>Vamos a hacer menos tiempo, competiremos con el autob\u00fas que sale de Coatzacoalcos a Salina Cruz y de Salina Cruz a Coatzacoalcos, agreg\u00f3, e hizo notar que la nueva obra tiene una vieja historia, ya que la v\u00eda por la que corre el Tren Interoce\u00e1nico se construy\u00f3 hace 130 a\u00f1os.<\/p>\n\n\n\n<p>\u201cLa primera v\u00eda f\u00e9rrea que se construy\u00f3 fue la de M\u00e9xico a Veracruz, se inaugur\u00f3 en 1873 y est\u00e1 cumpliendo 150 a\u00f1os, pero \u00e9sta se inaugur\u00f3 en el porfiriato, son como 130 a\u00f1os. Vamos a pasar de nuevo de un oc\u00e9ano a otro en siete horas. \u00a1Imag\u00ednense lo que significa este proyecto!\u201d<\/p>\n\n\n\n<p>Expuso que ahora que se tienen algunas dificultades por falta de agua en el Canal de Panam\u00e1 y hay mucha saturaci\u00f3n en aquella obra, la opci\u00f3n para unir los dos oc\u00e9anos es el Corredor Interoc\u00e9anico. \u201cDesde Humbolt se habl\u00f3 de que esta era la mejor v\u00eda\u201d.<\/p>\n\n\n\n<p>El presidente L\u00f3pez Obrador resalt\u00f3 asimismo que ese tren, que forma parte del Corredor Interoce\u00e1nico, no significa s\u00f3lo regresar al ferrocarril de pasajeros, sino \u201ctambi\u00e9n progreso, porque en toda esta franja del Istmo hay 10 parques industriales, pueblos de desarrollo, alrededor de 300 hect\u00e1reas por parque industrial y se van a establecer empresas ensambladoras y va a haber empleo y mucho trabajo\u201d.<\/p>\n\n\n\n<p>Con todas esas obras e infraestructura, insisti\u00f3, \u201chay trabajo y empleo, y bien pagado, se ha incrementado el salario y se incrementar\u00e1 a\u00fan m\u00e1s, y todo esto acompa\u00f1ado con los programas del Bienestar\u201d.<\/p>\n\n\n\n<p>Por la noche, en sus redes sociales, inform\u00f3 que el 22 de diciembre se inaugura el Tren Interoce\u00e1nico. \u201cTodav\u00eda falta liberar esfuerzos y afinar algunos tramos de v\u00eda, pero ya hicimos, de oc\u00e9ano a oc\u00e9ano, seis horas con 20 minutos de Coatzacoalcos a Salina Cruz\u201d.<\/p>\n\n\n\n<p>(Informaci\u00f3n de \u00abLa Jornada\u00bb)<\/p>\n\n\n\n<figure class=\"wp-block-embed\"><div class=\"wp-block-embed__wrapper\">\nhttps:\/\/x.com\/ZonaRoja_Oaxaca\/status\/1713363283179172161?s=20\n<\/div><\/figure>\n","protected":false},"excerpt":{"rendered":"<p>Redacci\u00f3n\/Zona Roja Cdmx. Ciudad de M\u00e9xico, a 15 de octubre de 2023.- El presidente Andr\u00e9s&hellip;<\/p>\n","protected":false},"author":2,"featured_media":60984,"comment_status":"closed","ping_status":"open","sticky":false,"template":"","format":"standard","meta":{"_lmt_disableupdate":"","_lmt_disable":"","_jetpack_memberships_contains_paid_content":false,"footnotes":""},"categories":[109,46],"tags":[1536],"class_list":["post-60983","post","type-post","status-publish","format-standard","has-post-thumbnail","hentry","category-minuto-a-minuto","category-zona-blanca","tag-visita-andres-manuel-lopez-obrador-a-oaxaca"],"jetpack_featured_media_url":"https:\/\/zonaroja.com.mx\/wp-content\/uploads\/2023\/10\/Lopez-Obrador-Jara-Cruz-Salina-Cruz.jpeg","jetpack_sharing_enabled":true,"_links":{"self":[{"href":"https:\/\/zonaroja.com.mx\/index.php?rest_route=\/wp\/v2\/posts\/60983","targetHints":{"allow":["GET"]}}],"collection":[{"href":"https:\/\/zonaroja.com.mx\/index.php?rest_route=\/wp\/v2\/posts"}],"about":[{"href":"https:\/\/zonaroja.com.mx\/index.php?rest_route=\/wp\/v2\/types\/post"}],"author":[{"embeddable":true,"href":"https:\/\/zonaroja.com.mx\/index.php?rest_route=\/wp\/v2\/users\/2"}],"replies":[{"embeddable":true,"href":"https:\/\/zonaroja.com.mx\/index.php?rest_route=%2Fwp%2Fv2%2Fcomments&post=60983"}],"version-history":[{"count":1,"href":"https:\/\/zonaroja.com.mx\/index.php?rest_route=\/wp\/v2\/posts\/60983\/revisions"}],"predecessor-version":[{"id":60985,"href":"https:\/\/zonaroja.com.mx\/index.php?rest_route=\/wp\/v2\/posts\/60983\/revisions\/60985"}],"wp:featuredmedia":[{"embeddable":true,"href":"https:\/\/zonaroja.com.mx\/index.php?rest_route=\/wp\/v2\/media\/60984"}],"wp:attachment":[{"href":"https:\/\/zonaroja.com.mx\/index.php?rest_route=%2Fwp%2Fv2%2Fmedia&parent=60983"}],"wp:term":[{"taxonomy":"category","embeddable":true,"href":"https:\/\/zonaroja.com.mx\/index.php?rest_route=%2Fwp%2Fv2%2Fcategories&post=60983"},{"taxonomy":"post_tag","embeddable":true,"href":"https:\/\/zonaroja.com.mx\/index.php?rest_route=%2Fwp%2Fv2%2Ftags&post=60983"}],"curies":[{"name":"wp","href":"https:\/\/api.w.org\/{rel}","templated":true}]}}