{"id":60990,"date":"2023-10-15T09:37:00","date_gmt":"2023-10-15T14:37:00","guid":{"rendered":"http:\/\/www.zonaroja.com.mx\/?p=60990"},"modified":"2023-10-15T08:24:05","modified_gmt":"2023-10-15T13:24:05","slug":"seccion-22-del-snte-llama-a-rechazar-auditorias-de-la-asf-a-escuelas","status":"publish","type":"post","link":"https:\/\/zonaroja.com.mx\/?p=60990","title":{"rendered":"Secci\u00f3n 22 del SNTE llama a rechazar auditor\u00edas de la ASF a escuelas"},"content":{"rendered":"\n<p>Ismael Garc\u00eda M.\/Zona Roja.<\/p>\n\n\n\n<p>Oaxaca de Ju\u00e1rez, Oax., a 15 de octubre de 2022.- La Auditor\u00eda Superior de la Federaci\u00f3n (ASF), que dirige el oaxaque\u00f1o David Colmenares P\u00e1ramo, inici\u00f3 revisiones aleatorias a escuelas de Oaxaca, lo que tom\u00f3 por sorpresa a la Secci\u00f3n 22 del SNTE, por lo que llam\u00f3 a sus bases a rechazar esta medida.<\/p>\n\n\n\n<p>Ello fue advertido anoche mediante un comunicado por integrantes del Comit\u00e9 Ejecutivo Seccional, Yenny Aracely P\u00e9rez Mart\u00ednez, secretaria General y Eutiquio Ruiz Reyes, secretaria General y secretario T\u00e9cnico de la dirigencia.<\/p>\n\n\n\n<p>\u201cPor medio del presente, nos dirigimos a ustedes para informar que, sin previo aviso, a partir del pasado viernes 13 de octubre la Auditor\u00eda Superior de la Federaci\u00f3n comenz\u00f3 la revisi\u00f3n y fiscalizaci\u00f3n de la cuenta p\u00fablica federal en escuelas de nuestra gloriosa Secci\u00f3n XXII.<\/p>\n\n\n\n<p>\u201cAnte ello, solicitamos a todos los representantes de las estructuras de los niveles educativos (subcomisiones mixtas), as\u00ed como a los directivos de los centros de trabajo que salieron sorteados para este proceso, que:<\/p>\n\n\n\n<p>\u201cNo deber\u00e1n permitir el acceso de los auditores a sus instituciones educativas. Como movimiento democr\u00e1tico nos pronunciamos y rechazamos rotundamente la intenci\u00f3n de la Auditor\u00eda Superior de la Federaci\u00f3n, ya que atenta contra los derechos de los trabajadores de la Secci\u00f3n XXII y, adem\u00e1s, fiscaliza la educaci\u00f3n p\u00fablica de nuestro estado\u201d, indicaron en el comunicado.<\/p>\n\n\n\n<p>Recalcaron que el movimiento magisterial \u201cratifica su compromiso con el pueblo por la defensa de la educaci\u00f3n p\u00fablica y se declara en alerta m\u00e1xima ante cualquier embestida del Estado, reserv\u00e1ndose el derecho de accionar\u201d.<\/p>\n","protected":false},"excerpt":{"rendered":"<p>Ismael Garc\u00eda M.\/Zona Roja. Oaxaca de Ju\u00e1rez, Oax., a 15 de octubre de 2022.- La&hellip;<\/p>\n","protected":false},"author":2,"featured_media":60994,"comment_status":"closed","ping_status":"open","sticky":false,"template":"","format":"standard","meta":{"_lmt_disableupdate":"","_lmt_disable":"","_jetpack_memberships_contains_paid_content":false,"footnotes":""},"categories":[109,47],"tags":[312],"class_list":["post-60990","post","type-post","status-publish","format-standard","has-post-thumbnail","hentry","category-minuto-a-minuto","category-zona-gris","tag-seccion-22-del-snte"],"jetpack_featured_media_url":"https:\/\/zonaroja.com.mx\/wp-content\/uploads\/2023\/10\/Seccion-22-y-Auditoria-Federacion.jpg","jetpack_sharing_enabled":true,"_links":{"self":[{"href":"https:\/\/zonaroja.com.mx\/index.php?rest_route=\/wp\/v2\/posts\/60990","targetHints":{"allow":["GET"]}}],"collection":[{"href":"https:\/\/zonaroja.com.mx\/index.php?rest_route=\/wp\/v2\/posts"}],"about":[{"href":"https:\/\/zonaroja.com.mx\/index.php?rest_route=\/wp\/v2\/types\/post"}],"author":[{"embeddable":true,"href":"https:\/\/zonaroja.com.mx\/index.php?rest_route=\/wp\/v2\/users\/2"}],"replies":[{"embeddable":true,"href":"https:\/\/zonaroja.com.mx\/index.php?rest_route=%2Fwp%2Fv2%2Fcomments&post=60990"}],"version-history":[{"count":1,"href":"https:\/\/zonaroja.com.mx\/index.php?rest_route=\/wp\/v2\/posts\/60990\/revisions"}],"predecessor-version":[{"id":60995,"href":"https:\/\/zonaroja.com.mx\/index.php?rest_route=\/wp\/v2\/posts\/60990\/revisions\/60995"}],"wp:featuredmedia":[{"embeddable":true,"href":"https:\/\/zonaroja.com.mx\/index.php?rest_route=\/wp\/v2\/media\/60994"}],"wp:attachment":[{"href":"https:\/\/zonaroja.com.mx\/index.php?rest_route=%2Fwp%2Fv2%2Fmedia&parent=60990"}],"wp:term":[{"taxonomy":"category","embeddable":true,"href":"https:\/\/zonaroja.com.mx\/index.php?rest_route=%2Fwp%2Fv2%2Fcategories&post=60990"},{"taxonomy":"post_tag","embeddable":true,"href":"https:\/\/zonaroja.com.mx\/index.php?rest_route=%2Fwp%2Fv2%2Ftags&post=60990"}],"curies":[{"name":"wp","href":"https:\/\/api.w.org\/{rel}","templated":true}]}}