{"id":61001,"date":"2023-10-15T14:00:00","date_gmt":"2023-10-15T19:00:00","guid":{"rendered":"http:\/\/www.zonaroja.com.mx\/?p=61001"},"modified":"2023-10-15T09:19:20","modified_gmt":"2023-10-15T14:19:20","slug":"anuncian-en-oaxaca-congreso-hacia-una-vision-holistica-de-la-salud","status":"publish","type":"post","link":"https:\/\/zonaroja.com.mx\/?p=61001","title":{"rendered":"Anuncian en Oaxaca congreso \u201cHacia una visi\u00f3n hol\u00edstica de la salud\u201d"},"content":{"rendered":"\n<p>Ismael Garc\u00eda M.\/Zona Roja.<\/p>\n\n\n\n<p>Oaxaca de Ju\u00e1rez, Oax., a 15 de octubre de 2023.- Del 20 al 22 de octubre en Oaxaca se llevar\u00e1 a cabo el 19 Expo congreso \u201cHacia una visi\u00f3n hol\u00edstica de la salud\u201d, a fin de promover una vida saludable, f\u00edsica y mentalmente.<\/p>\n\n\n\n<p>El encuentro fue anunciado por la asociaci\u00f3n Terapeutas Alternativos en Salud Hol\u00edstica, cuyas integrantes detallaron que la actividad, que incluye foros y terapias alternativas y tradicionales, se efectuar\u00e1 en el parque \u201cEl Llano\u201d de la capital, de 10:00 a las 17:00 horas.<\/p>\n\n\n\n<p>Habr\u00e1 tambi\u00e9n la venta de productos saludables y org\u00e1nicos, por parte de productores oaxaque\u00f1os; venta de alimentos ovolactovegetarianos; diferentes terapias alternativas a bajos costos, como son masaje, alineaci\u00f3n de columna, reiki, acupuntura, neuromuscular, entre otras.<\/p>\n\n\n\n<p>El viernes 20 arrancar\u00e1n las actividades con una ceremonia tradicional y despu\u00e9s de ello habr\u00e1 un taller de herbolaria comunitaria, talleres sobre el tipo de alimentaci\u00f3n y ejercicio, conocimiento sobre las chakras, entre otras actividades.<\/p>\n\n\n\n<p>Asimismo, una exhibici\u00f3n de yoga por parte de la Red Gran Fraternidad Universail; en los d\u00edas s\u00e1bado y domingo, una serie de conferencias magistrales, charlas sobre meditaci\u00f3n, dieta y manejo de las emociones.<\/p>\n\n\n\n<p>Las participantes de la conferencia destacaron la importancia de llevar una vida saludable, que comienza con el tipo de alimentaci\u00f3n y el ejercicio f\u00edsico, a fin de prolongar los a\u00f1os de vida y disfrutar a plenitud de sus d\u00edas.<\/p>\n","protected":false},"excerpt":{"rendered":"<p>Ismael Garc\u00eda M.\/Zona Roja. Oaxaca de Ju\u00e1rez, Oax., a 15 de octubre de 2023.- Del&hellip;<\/p>\n","protected":false},"author":2,"featured_media":60991,"comment_status":"closed","ping_status":"open","sticky":false,"template":"","format":"standard","meta":{"_lmt_disableupdate":"","_lmt_disable":"","_jetpack_memberships_contains_paid_content":false,"footnotes":""},"categories":[109,46],"tags":[],"class_list":["post-61001","post","type-post","status-publish","format-standard","has-post-thumbnail","hentry","category-minuto-a-minuto","category-zona-blanca"],"jetpack_featured_media_url":"https:\/\/zonaroja.com.mx\/wp-content\/uploads\/2023\/10\/Anuncio-expo-salud-holistica.jpg","jetpack_sharing_enabled":true,"_links":{"self":[{"href":"https:\/\/zonaroja.com.mx\/index.php?rest_route=\/wp\/v2\/posts\/61001","targetHints":{"allow":["GET"]}}],"collection":[{"href":"https:\/\/zonaroja.com.mx\/index.php?rest_route=\/wp\/v2\/posts"}],"about":[{"href":"https:\/\/zonaroja.com.mx\/index.php?rest_route=\/wp\/v2\/types\/post"}],"author":[{"embeddable":true,"href":"https:\/\/zonaroja.com.mx\/index.php?rest_route=\/wp\/v2\/users\/2"}],"replies":[{"embeddable":true,"href":"https:\/\/zonaroja.com.mx\/index.php?rest_route=%2Fwp%2Fv2%2Fcomments&post=61001"}],"version-history":[{"count":1,"href":"https:\/\/zonaroja.com.mx\/index.php?rest_route=\/wp\/v2\/posts\/61001\/revisions"}],"predecessor-version":[{"id":61002,"href":"https:\/\/zonaroja.com.mx\/index.php?rest_route=\/wp\/v2\/posts\/61001\/revisions\/61002"}],"wp:featuredmedia":[{"embeddable":true,"href":"https:\/\/zonaroja.com.mx\/index.php?rest_route=\/wp\/v2\/media\/60991"}],"wp:attachment":[{"href":"https:\/\/zonaroja.com.mx\/index.php?rest_route=%2Fwp%2Fv2%2Fmedia&parent=61001"}],"wp:term":[{"taxonomy":"category","embeddable":true,"href":"https:\/\/zonaroja.com.mx\/index.php?rest_route=%2Fwp%2Fv2%2Fcategories&post=61001"},{"taxonomy":"post_tag","embeddable":true,"href":"https:\/\/zonaroja.com.mx\/index.php?rest_route=%2Fwp%2Fv2%2Ftags&post=61001"}],"curies":[{"name":"wp","href":"https:\/\/api.w.org\/{rel}","templated":true}]}}