{"id":61006,"date":"2023-10-15T18:40:00","date_gmt":"2023-10-15T23:40:00","guid":{"rendered":"http:\/\/www.zonaroja.com.mx\/?p=61006"},"modified":"2023-10-15T20:13:10","modified_gmt":"2023-10-16T01:13:10","slug":"acuerdo-con-base-laboral-consolidad-reingenieria-de-la-fiscalia-bra","status":"publish","type":"post","link":"https:\/\/zonaroja.com.mx\/?p=61006","title":{"rendered":"Acuerdo con la base laboral consolida reingenier\u00eda de la Fiscal\u00eda: BRA"},"content":{"rendered":"\n<p>Redacci\u00f3n\/Zona Roja.&nbsp;<\/p>\n\n\n\n<p>Oaxaca de Ju\u00e1rez, Oax., a 15 de octubre de 2023.- El reciente acuerdo alcanzad con base al di\u00e1logo con la base trabajadora consolida la reingenier\u00eda de la Fiscal\u00eda General del Estado de Oaxaca y fortalece su autonom\u00eda, consider\u00f3 el titular, Bernardo Rodr\u00edguez Alamilla.<\/p>\n\n\n\n<p>Y es que en la semana que concluy\u00f3, a trav\u00e9s de la Secretar\u00eda de Administraci\u00f3n, el Comit\u00e9 Ejecutivo y delegaciones del Sindicato de Trabajadores de los Poderes del Estado e Instituciones Descentralizadas de Car\u00e1cter Estatal de Oaxaca (STAPEIDCEO), se acord\u00f3 la transferencia gradual del personal sindicalizado.<\/p>\n\n\n\n<p>Ante ello, la totalidad de trabajadores de base adscritos a la FGEO se reincorporar\u00e1n de forma gradual y digna a las dependencias del sector central de la administraci\u00f3n del Gobierno del Estado, por lo que, la Fiscal\u00eda reconoci\u00f3 el compromiso de la base trabajadora del STPEIDCEO con la transformaci\u00f3n del estado y con el proceso de reingenier\u00eda institucional.<\/p>\n\n\n\n<p>\u201cLa transici\u00f3n se realizar\u00e1 con estricto respeto a los derechos laborales, antig\u00fcedad, adem\u00e1s que se garantizar\u00e1 a las y los sindicalizados la homologaci\u00f3n de prestaciones que existan en las dependencias a las que sean adscritos\u201d, indic\u00f3 recientemente el responsable de la instituci\u00f3n de procuraci\u00f3n de justicia.<\/p>\n\n\n\n<p>Este proceso es un pendiente que data de las reformas constitucionales que permitieron convertir la Procuradur\u00eda General de Justicia del Estado de Oaxaca en Fiscal\u00eda General del Estado de Oaxaca, lo que contempla autonom\u00eda de gesti\u00f3n y administrativa, as\u00ed como una relaci\u00f3n laboral distinta en la que todo el personal se someta a controles de confianza.<\/p>\n\n\n\n<p>A este contexto se suma la reingenier\u00eda institucional que ha impulsado desde su llegada a la administraci\u00f3n el fiscal General, Bernardo Rodr\u00edguez Alamilla y que tiene como objetivo el mejoramiento de los servicios de atenci\u00f3n a las v\u00edctimas directas e indirectas de delitos, para lo cual, resulta fundamental que la instituci\u00f3n cumpla con los procesos de reorganizaci\u00f3n que establecen la ley.<\/p>\n\n\n\n<p>Por lo cual, la FGEO reiter\u00f3 su reconocimiento a la voluntad de las y los trabajadores de base de la instituci\u00f3n y del gobierno de Oaxaca, para alcanzar acuerdos a trav\u00e9s del di\u00e1logo, en cuyas mesas estuvieron presentes -adem\u00e1s del titular de la FGEO-, el encargado de despacho de la Secretar\u00eda de Administraci\u00f3n, Noel Hern\u00e1ndez Rito; el Comit\u00e9 Ejecutivo del STPEIDCEO, encabezado por su Secretario General el Ing. Pedro Castillejos Villalobos; las y los representantes delegacionales de la 3D-102, Carmen Cruz Garc\u00eda, Araceli Esther Hern\u00e1ndez L\u00f3pez y Luis Antonio Hern\u00e1ndez Ram\u00edrez; as\u00ed como de la delegaci\u00f3n 3D-101, Miriam Quevedo Mart\u00ednez, Jos\u00e9 Manuel Ram\u00edrez Torralba y Marino Juan M\u00e9ndez Morales.<\/p>\n","protected":false},"excerpt":{"rendered":"<p>Redacci\u00f3n\/Zona Roja.&nbsp; Oaxaca de Ju\u00e1rez, Oax., a 15 de octubre de 2023.- El reciente acuerdo&hellip;<\/p>\n","protected":false},"author":2,"featured_media":60346,"comment_status":"closed","ping_status":"open","sticky":false,"template":"","format":"standard","meta":{"_lmt_disableupdate":"","_lmt_disable":"","_jetpack_memberships_contains_paid_content":false,"footnotes":""},"categories":[109,46],"tags":[494],"class_list":["post-61006","post","type-post","status-publish","format-standard","has-post-thumbnail","hentry","category-minuto-a-minuto","category-zona-blanca","tag-fiscalia-general-del-estado-de-oaxaca"],"jetpack_featured_media_url":"https:\/\/zonaroja.com.mx\/wp-content\/uploads\/2023\/09\/Bernardo-Rodriguez-Alamilla.jpg","jetpack_sharing_enabled":true,"_links":{"self":[{"href":"https:\/\/zonaroja.com.mx\/index.php?rest_route=\/wp\/v2\/posts\/61006","targetHints":{"allow":["GET"]}}],"collection":[{"href":"https:\/\/zonaroja.com.mx\/index.php?rest_route=\/wp\/v2\/posts"}],"about":[{"href":"https:\/\/zonaroja.com.mx\/index.php?rest_route=\/wp\/v2\/types\/post"}],"author":[{"embeddable":true,"href":"https:\/\/zonaroja.com.mx\/index.php?rest_route=\/wp\/v2\/users\/2"}],"replies":[{"embeddable":true,"href":"https:\/\/zonaroja.com.mx\/index.php?rest_route=%2Fwp%2Fv2%2Fcomments&post=61006"}],"version-history":[{"count":2,"href":"https:\/\/zonaroja.com.mx\/index.php?rest_route=\/wp\/v2\/posts\/61006\/revisions"}],"predecessor-version":[{"id":61010,"href":"https:\/\/zonaroja.com.mx\/index.php?rest_route=\/wp\/v2\/posts\/61006\/revisions\/61010"}],"wp:featuredmedia":[{"embeddable":true,"href":"https:\/\/zonaroja.com.mx\/index.php?rest_route=\/wp\/v2\/media\/60346"}],"wp:attachment":[{"href":"https:\/\/zonaroja.com.mx\/index.php?rest_route=%2Fwp%2Fv2%2Fmedia&parent=61006"}],"wp:term":[{"taxonomy":"category","embeddable":true,"href":"https:\/\/zonaroja.com.mx\/index.php?rest_route=%2Fwp%2Fv2%2Fcategories&post=61006"},{"taxonomy":"post_tag","embeddable":true,"href":"https:\/\/zonaroja.com.mx\/index.php?rest_route=%2Fwp%2Fv2%2Ftags&post=61006"}],"curies":[{"name":"wp","href":"https:\/\/api.w.org\/{rel}","templated":true}]}}