{"id":6101,"date":"2019-11-26T19:30:19","date_gmt":"2019-11-27T01:30:19","guid":{"rendered":"http:\/\/www.zonaroja.com.mx\/?p=6101"},"modified":"2019-11-26T19:30:23","modified_gmt":"2019-11-27T01:30:23","slug":"habra-analisis-responsable-de-presupuesto-2020-pero-no-se-avalara-incrementar-impuestos","status":"publish","type":"post","link":"https:\/\/zonaroja.com.mx\/?p=6101","title":{"rendered":"Habr\u00e1 an\u00e1lisis responsable de presupuesto 2020, pero no se avalar\u00e1 incrementar impuestos"},"content":{"rendered":"\n<p>Redacci\u00f3n\/Zona\nRoja.<\/p>\n\n\n\n<p>Oaxaca de\nJu\u00e1rez, Oax., 26 de noviembre de 2019.- La comisi\u00f3n respectiva y los integrantes\nde la 64 Legislatura de Oaxaca har\u00e1n un an\u00e1lisis serio y responsable de paquete\nfiscal 2020, asegur\u00f3 hoy el presidente de la Junta de Coordinaci\u00f3n Pol\u00edtica\n(Jucopo) Horacio Sosa Villavicencio.<\/p>\n\n\n\n<p>\u201cNo se trata\nde recortar por recortar o rechazar nada m\u00e1s porque s\u00ed; tambi\u00e9n haremos\npropuestas, haremos reasignaciones donde se considere que sea necesario, pero\nno avalaremos ning\u00fan incremento de impuestos o nuevos grav\u00e1menes\u201d, asegur\u00f3.<\/p>\n\n\n\n<p>El legislador por el Partido Morena y jefe de la bancada en el Congreso local, ofreci\u00f3 la ma\u00f1ana de hoy un desayuno-conferencia de prensa a representantes de medios de comunicaci\u00f3n, donde reiter\u00f3 su inter\u00e9s por la transparencia, rendici\u00f3n de cuentas y contacto directo y abierto con la prensa.<\/p>\n\n\n\n<figure class=\"wp-block-embed-twitter wp-block-embed is-type-rich is-provider-twitter\"><div class=\"wp-block-embed__wrapper\">\n<div class=\"twitter-tweet\"><blockquote class=\"twitter-tweet\" data-lang=\"es\"><p lang=\"es\" dir=\"ltr\">Entre otros temas, el diputado <a href=\"https:\/\/twitter.com\/HoracioSosaOax?ref_src=twsrc%5Etfw\">@HoracioSosaOax<\/a> afirm\u00f3 que en el <a href=\"https:\/\/twitter.com\/CongresoOaxLXIV?ref_src=twsrc%5Etfw\">@CongresoOaxLXIV<\/a> se har\u00e1 un an\u00e1lisis serio y responsable del paquete fiscal 2020; pero en el caso del Presupuesto de Egresos, no avalar\u00e1n incremento de impuestos que proponga el Poder Ejecutivo, dijo. <a href=\"https:\/\/t.co\/bwYFIQVWgr\">pic.twitter.com\/bwYFIQVWgr<\/a><\/p>&mdash; Zona Roja Oaxaca (@MexRoja) <a href=\"https:\/\/twitter.com\/MexRoja\/status\/1199381017141731328?ref_src=twsrc%5Etfw\">26 de noviembre de 2019<\/a><\/blockquote><\/div>\n<\/div><\/figure>\n\n\n\n<p>En ese\ncontexto y a pregunta expresa, remarc\u00f3 que hay unidad y coincidencias en los 26\nlegisladores que conforman la fracci\u00f3n parlamentaria y consider\u00f3 que ese grupo\nno permitir\u00e1 que se aumenten los impuestos.<\/p>\n\n\n\n<p>Principalmente\nen a los centros de hospedaje, como lo ha propuesto el mandatario Alejandro\nMurat en su proyecto de Presupuesto de Egresos, pues afectar\u00e1 a uno de los\nrubros m\u00e1s importantes de la econom\u00eda, como lo es el turismo.<\/p>\n\n\n\n<p>Al encuentro\ncon los medios de comunicaci\u00f3n acudieron tambi\u00e9n legisladores como Magaly L\u00f3pez\nDom\u00ednguez, Elisa Zepeda Lagunas, Laura Estrada Mauro y Gloria S\u00e1nchez L\u00f3pez,\ndonde se explic\u00f3 asimismo la continuaci\u00f3n de los foros regionales para crear la\nLey de Consulta Previa, Libre e Informada a los Pueblos Ind\u00edgenas y\nAfromexicano.<\/p>\n\n\n\n<p>L\u00f3pez\nS\u00e1nchez precis\u00f3 que en cada foro se invierten aproximadamente 80 mil pesos y\nser\u00e1n en total ocho en todas las regiones, tras lo cual, en enero del pr\u00f3ximo\na\u00f1o estar\u00edan analizando y en su caso avalando la iniciativa de la ley referida.<\/p>\n","protected":false},"excerpt":{"rendered":"<p>Redacci\u00f3n\/Zona Roja. Oaxaca de Ju\u00e1rez, Oax., 26 de noviembre de 2019.- La comisi\u00f3n respectiva y&hellip;<\/p>\n","protected":false},"author":2,"featured_media":6102,"comment_status":"closed","ping_status":"open","sticky":false,"template":"","format":"standard","meta":{"_lmt_disableupdate":"","_lmt_disable":"","_jetpack_memberships_contains_paid_content":false,"footnotes":""},"categories":[109],"tags":[213,444],"class_list":["post-6101","post","type-post","status-publish","format-standard","has-post-thumbnail","hentry","category-minuto-a-minuto","tag-64-legislatura-de-oaxaca","tag-horacio-sosa-villavicencio"],"jetpack_featured_media_url":"https:\/\/zonaroja.com.mx\/wp-content\/uploads\/2019\/11\/Conferencia-Jucopo.jpg","jetpack_sharing_enabled":true,"_links":{"self":[{"href":"https:\/\/zonaroja.com.mx\/index.php?rest_route=\/wp\/v2\/posts\/6101","targetHints":{"allow":["GET"]}}],"collection":[{"href":"https:\/\/zonaroja.com.mx\/index.php?rest_route=\/wp\/v2\/posts"}],"about":[{"href":"https:\/\/zonaroja.com.mx\/index.php?rest_route=\/wp\/v2\/types\/post"}],"author":[{"embeddable":true,"href":"https:\/\/zonaroja.com.mx\/index.php?rest_route=\/wp\/v2\/users\/2"}],"replies":[{"embeddable":true,"href":"https:\/\/zonaroja.com.mx\/index.php?rest_route=%2Fwp%2Fv2%2Fcomments&post=6101"}],"version-history":[{"count":1,"href":"https:\/\/zonaroja.com.mx\/index.php?rest_route=\/wp\/v2\/posts\/6101\/revisions"}],"predecessor-version":[{"id":6103,"href":"https:\/\/zonaroja.com.mx\/index.php?rest_route=\/wp\/v2\/posts\/6101\/revisions\/6103"}],"wp:featuredmedia":[{"embeddable":true,"href":"https:\/\/zonaroja.com.mx\/index.php?rest_route=\/wp\/v2\/media\/6102"}],"wp:attachment":[{"href":"https:\/\/zonaroja.com.mx\/index.php?rest_route=%2Fwp%2Fv2%2Fmedia&parent=6101"}],"wp:term":[{"taxonomy":"category","embeddable":true,"href":"https:\/\/zonaroja.com.mx\/index.php?rest_route=%2Fwp%2Fv2%2Fcategories&post=6101"},{"taxonomy":"post_tag","embeddable":true,"href":"https:\/\/zonaroja.com.mx\/index.php?rest_route=%2Fwp%2Fv2%2Ftags&post=6101"}],"curies":[{"name":"wp","href":"https:\/\/api.w.org\/{rel}","templated":true}]}}