{"id":61017,"date":"2023-10-16T09:30:00","date_gmt":"2023-10-16T14:30:00","guid":{"rendered":"http:\/\/www.zonaroja.com.mx\/?p=61017"},"modified":"2023-10-16T08:13:39","modified_gmt":"2023-10-16T13:13:39","slug":"otro-anuncio-de-amlo-en-septiembre-de-2024-se-inaugura-tren-ixtepec-chiapas","status":"publish","type":"post","link":"https:\/\/zonaroja.com.mx\/?p=61017","title":{"rendered":"Otro anuncio de AMLO: en septiembre de 2024 se inaugura tren Ixtepec-Chiapas"},"content":{"rendered":"\n<p>Redacci\u00f3n\/Zona Roja Cdmx.<\/p>\n\n\n\n<p>Ciudad de M\u00e9xico, a 16 de octubre de 2023.- El Presidente Andr\u00e9s Manuel L\u00f3pez Obrador inform\u00f3 que la l\u00ednea K del Ferrocarril del Istmo de Tehuantepec, que va de Ciudad Ixtepec, Oaxaca, a Ciudad Hidalgo, Chiapas, estar\u00e1 lista a finales de agosto del pr\u00f3ximo a\u00f1o y ofreci\u00f3 que se inaugurar\u00e1 en septiembre, en ocasi\u00f3n del bicentenario de la anexi\u00f3n del segundo estado a la Rep\u00fablica.<\/p>\n\n\n\n<p>El titular del Ejecutivo federal explic\u00f3 que ayer hizo un recorrido de supervisi\u00f3n de las obras del puerto de Salina Cruz y del tren de pasajeros de Ixtepec hasta el r\u00edo Suchiate, en la frontera con Guatemala.<\/p>\n\n\n\n<p>En un mensaje en su cuenta de la red social X, asever\u00f3 que en Tonal\u00e1, Chiapas, se reuni\u00f3 con los mandos de la Secretar\u00eda de Marina, encabezados por su titular, Jos\u00e9 Rafael Ojeda Dur\u00e1n, y directivos de las empresas constructoras.<\/p>\n\n\n\n<p>\u201cEvaluamos y se pact\u00f3 que terminamos este tramo de 450 kil\u00f3metros con puentes, viaductos y estaciones a finales de agosto del a\u00f1o pr\u00f3ximo para inaugurar el tren de pasajeros el 14 de septiembre en el bicentenario de la anexi\u00f3n de Chiapas a M\u00e9xico\u201d, asegur\u00f3.<\/p>\n\n\n\n<p>Asimismo, la Presidencia inform\u00f3 que el mandatario \u201cdedic\u00f3 este fin de semana a la supervisi\u00f3n de los trabajos en el Corredor Interoce\u00e1nico del Istmo de Tehuantepec.\u201d<\/p>\n\n\n\n<p>(Informaci\u00f3n de \u201cLa Jornada\u201d)<\/p>\n","protected":false},"excerpt":{"rendered":"<p>Redacci\u00f3n\/Zona Roja Cdmx. Ciudad de M\u00e9xico, a 16 de octubre de 2023.- El Presidente Andr\u00e9s&hellip;<\/p>\n","protected":false},"author":2,"featured_media":61019,"comment_status":"closed","ping_status":"open","sticky":false,"template":"","format":"standard","meta":{"_lmt_disableupdate":"","_lmt_disable":"","_jetpack_memberships_contains_paid_content":false,"footnotes":""},"categories":[109,46],"tags":[1536],"class_list":["post-61017","post","type-post","status-publish","format-standard","has-post-thumbnail","hentry","category-minuto-a-minuto","category-zona-blanca","tag-visita-andres-manuel-lopez-obrador-a-oaxaca"],"jetpack_featured_media_url":"https:\/\/zonaroja.com.mx\/wp-content\/uploads\/2023\/10\/Tren-interocanico-Istmo-Oaxaca.jpg","jetpack_sharing_enabled":true,"_links":{"self":[{"href":"https:\/\/zonaroja.com.mx\/index.php?rest_route=\/wp\/v2\/posts\/61017","targetHints":{"allow":["GET"]}}],"collection":[{"href":"https:\/\/zonaroja.com.mx\/index.php?rest_route=\/wp\/v2\/posts"}],"about":[{"href":"https:\/\/zonaroja.com.mx\/index.php?rest_route=\/wp\/v2\/types\/post"}],"author":[{"embeddable":true,"href":"https:\/\/zonaroja.com.mx\/index.php?rest_route=\/wp\/v2\/users\/2"}],"replies":[{"embeddable":true,"href":"https:\/\/zonaroja.com.mx\/index.php?rest_route=%2Fwp%2Fv2%2Fcomments&post=61017"}],"version-history":[{"count":1,"href":"https:\/\/zonaroja.com.mx\/index.php?rest_route=\/wp\/v2\/posts\/61017\/revisions"}],"predecessor-version":[{"id":61020,"href":"https:\/\/zonaroja.com.mx\/index.php?rest_route=\/wp\/v2\/posts\/61017\/revisions\/61020"}],"wp:featuredmedia":[{"embeddable":true,"href":"https:\/\/zonaroja.com.mx\/index.php?rest_route=\/wp\/v2\/media\/61019"}],"wp:attachment":[{"href":"https:\/\/zonaroja.com.mx\/index.php?rest_route=%2Fwp%2Fv2%2Fmedia&parent=61017"}],"wp:term":[{"taxonomy":"category","embeddable":true,"href":"https:\/\/zonaroja.com.mx\/index.php?rest_route=%2Fwp%2Fv2%2Fcategories&post=61017"},{"taxonomy":"post_tag","embeddable":true,"href":"https:\/\/zonaroja.com.mx\/index.php?rest_route=%2Fwp%2Fv2%2Ftags&post=61017"}],"curies":[{"name":"wp","href":"https:\/\/api.w.org\/{rel}","templated":true}]}}